{"id":9974,"date":"2020-01-28T09:53:40","date_gmt":"2020-01-28T15:53:40","guid":{"rendered":"http:\/\/www.nanchital.gob.mx\/?p=9974"},"modified":"2020-01-28T09:53:40","modified_gmt":"2020-01-28T15:53:40","slug":"instituciones-educativas-participan-en-campana-de-donacion-de-tapitas","status":"publish","type":"post","link":"https:\/\/www.nanchital.gob.mx\/wp-nanchital\/instituciones-educativas-participan-en-campana-de-donacion-de-tapitas\/","title":{"rendered":"Instituciones educativas participan en campa\u00f1a de donaci\u00f3n de tapitas"},"content":{"rendered":"<p>El programa de recolecci\u00f3n de tapitas \u201cjuntemos esperanza de vida\u201d que promueve el Gobierno de Nanchital que preside la Dra. Zoila Balderas Guzm\u00e1n, a trav\u00e9s de la Direcci\u00f3n de Educaci\u00f3n, contin\u00faa llev\u00e1ndose a cabo con el apoyo de las instituciones educativas. Escuelas como la Primaria Carolina Carre\u00f3n Sosa, la Jos\u00e9 Mar\u00eda Morelos, el Centro de Atenci\u00f3n M\u00faltiple No. 48, el preescolar Zoila Guzm\u00e1n Ru\u00edz, la Escuela Secundaria T\u00e9cnica Industrial 118 y el Colegio Bismark, participan activamente en este programa en favor de los ni\u00f1os con c\u00e1ncer. \u201cDesde que iniciamos este programa hemos tenido buena participaci\u00f3n de las instituciones educativas del municipio, hemos hecho 2 entregas de m\u00e1s de 50 mil tapitas a la organizaci\u00f3n Banco de Tapitas, A.C., cumpliendo dos objetivos, el ecol\u00f3gico porque se reduce la basura y el social, porque se ayuda a los ni\u00f1os con c\u00e1ncer en sus tratamientos\u201d inform\u00f3 Sandra Luz D\u00edaz Osorio, titular de Educaci\u00f3n.<\/p>\n<p><img decoding=\"async\" class=\"img\" src=\"https:\/\/scontent.fmtt1-1.fna.fbcdn.net\/v\/t1.15752-9\/83881632_1009784429401554_7176838275137536000_n.jpg?_nc_cat=111&amp;_nc_oc=AQlS_aw1hxpm2YSVOcMnAbqYhUs1zgadzGnOOA38gx7-pjDxOr-y_n0OqKlAw99MqP0&amp;_nc_ht=scontent.fmtt1-1.fna&amp;oh=60f1a86aa18da47ffac057a2cf9c1c2d&amp;oe=5ECEE8C0\" alt=\"\" \/><\/p>\n","protected":false},"excerpt":{"rendered":"<p>El programa de recolecci\u00f3n de tapitas \u201cjuntemos esperanza de vida\u201d que promueve el Gobierno de Nanchital que preside la Dra. Zoila Balderas Guzm\u00e1n, a trav\u00e9s de la Direcci\u00f3n de Educaci\u00f3n, contin\u00faa llev\u00e1ndose a cabo con el apoyo de las instituciones educativas. Escuelas como la Primaria Carolina Carre\u00f3n Sosa, la Jos\u00e9 Mar\u00eda Morelos, el Centro de&hellip; <br \/> <a class=\"read-more\" href=\"https:\/\/www.nanchital.gob.mx\/wp-nanchital\/instituciones-educativas-participan-en-campana-de-donacion-de-tapitas\/\">Leer m\u00e1s<\/a><\/p>\n","protected":false},"author":7,"featured_media":9978,"comment_status":"closed","ping_status":"closed","sticky":false,"template":"","format":"standard","meta":{"footnotes":""},"categories":[4],"tags":[],"class_list":["post-9974","post","type-post","status-publish","format-standard","has-post-thumbnail","hentry","category-noticias"],"_links":{"self":[{"href":"https:\/\/www.nanchital.gob.mx\/wp-nanchital\/wp-json\/wp\/v2\/posts\/9974","targetHints":{"allow":["GET"]}}],"collection":[{"href":"https:\/\/www.nanchital.gob.mx\/wp-nanchital\/wp-json\/wp\/v2\/posts"}],"about":[{"href":"https:\/\/www.nanchital.gob.mx\/wp-nanchital\/wp-json\/wp\/v2\/types\/post"}],"author":[{"embeddable":true,"href":"https:\/\/www.nanchital.gob.mx\/wp-nanchital\/wp-json\/wp\/v2\/users\/7"}],"replies":[{"embeddable":true,"href":"https:\/\/www.nanchital.gob.mx\/wp-nanchital\/wp-json\/wp\/v2\/comments?post=9974"}],"version-history":[{"count":1,"href":"https:\/\/www.nanchital.gob.mx\/wp-nanchital\/wp-json\/wp\/v2\/posts\/9974\/revisions"}],"predecessor-version":[{"id":9979,"href":"https:\/\/www.nanchital.gob.mx\/wp-nanchital\/wp-json\/wp\/v2\/posts\/9974\/revisions\/9979"}],"wp:featuredmedia":[{"embeddable":true,"href":"https:\/\/www.nanchital.gob.mx\/wp-nanchital\/wp-json\/wp\/v2\/media\/9978"}],"wp:attachment":[{"href":"https:\/\/www.nanchital.gob.mx\/wp-nanchital\/wp-json\/wp\/v2\/media?parent=9974"}],"wp:term":[{"taxonomy":"category","embeddable":true,"href":"https:\/\/www.nanchital.gob.mx\/wp-nanchital\/wp-json\/wp\/v2\/categories?post=9974"},{"taxonomy":"post_tag","embeddable":true,"href":"https:\/\/www.nanchital.gob.mx\/wp-nanchital\/wp-json\/wp\/v2\/tags?post=9974"}],"curies":[{"name":"wp","href":"https:\/\/api.w.org\/{rel}","templated":true}]}}