{"id":9943,"date":"2020-01-24T11:24:00","date_gmt":"2020-01-24T17:24:00","guid":{"rendered":"http:\/\/www.nanchital.gob.mx\/?p=9943"},"modified":"2020-01-24T11:24:00","modified_gmt":"2020-01-24T17:24:00","slug":"se-instala-comite-de-proximidad-social-en-instituciones-educativas","status":"publish","type":"post","link":"https:\/\/www.nanchital.gob.mx\/wp-nanchital\/se-instala-comite-de-proximidad-social-en-instituciones-educativas\/","title":{"rendered":"Se instala comit\u00e9 de proximidad social en instituciones educativas"},"content":{"rendered":"<p>El Gobierno de Nanchital que preside la Dra. Zoila Balderas Guzm\u00e1n llevo a cabo una reuni\u00f3n con directores de las escuelas, para la instalaci\u00f3n del comit\u00e9 de proximidad social en instituciones educativas, que tiene el objetivo de fomentar la prevenci\u00f3n de hechos de violencia en los espacios educativos. Este comit\u00e9 integrado por diversas direcciones del Ayuntamiento como el Instituto Municipal de la Mujer, Derechos Humanos, Instituto Municipal de la Juventud, la Polic\u00eda Municipal y Educaci\u00f3n, el objetivo de promover valores, generar espacios de comunicaci\u00f3n, disminuci\u00f3n de violencia, adoptar medidas de prevenci\u00f3n y cuidados, as\u00ed como salvaguardar la vida de los estudiantes y personal educativo. \u201cAnte los sucesos que han acontecido en algunas escuelas del pa\u00eds, debemos tomar acciones para prevenir y cuidar a nuestra comunidad estudiantil, por ello trabajaremos de la mano con el C4 (Centro de Control, Comando, Comunicaci\u00f3n y C\u00f3mputo) de la Secretar\u00eda de Seguridad P\u00fablica, as\u00ed como con las escuelas del municipio para brindar mayor seguridad a los estudiantes y personal de las instituciones educativas\u201d afirm\u00f3 la alcaldesa, Dra. Zoila Balderas Guzm\u00e1n.<\/p>\n","protected":false},"excerpt":{"rendered":"<p>El Gobierno de Nanchital que preside la Dra. Zoila Balderas Guzm\u00e1n llevo a cabo una reuni\u00f3n con directores de las escuelas, para la instalaci\u00f3n del comit\u00e9 de proximidad social en instituciones educativas, que tiene el objetivo de fomentar la prevenci\u00f3n de hechos de violencia en los espacios educativos. Este comit\u00e9 integrado por diversas direcciones del&hellip; <br \/> <a class=\"read-more\" href=\"https:\/\/www.nanchital.gob.mx\/wp-nanchital\/se-instala-comite-de-proximidad-social-en-instituciones-educativas\/\">Leer m\u00e1s<\/a><\/p>\n","protected":false},"author":7,"featured_media":9948,"comment_status":"closed","ping_status":"closed","sticky":false,"template":"","format":"standard","meta":{"footnotes":""},"categories":[4],"tags":[],"class_list":["post-9943","post","type-post","status-publish","format-standard","has-post-thumbnail","hentry","category-noticias"],"_links":{"self":[{"href":"https:\/\/www.nanchital.gob.mx\/wp-nanchital\/wp-json\/wp\/v2\/posts\/9943","targetHints":{"allow":["GET"]}}],"collection":[{"href":"https:\/\/www.nanchital.gob.mx\/wp-nanchital\/wp-json\/wp\/v2\/posts"}],"about":[{"href":"https:\/\/www.nanchital.gob.mx\/wp-nanchital\/wp-json\/wp\/v2\/types\/post"}],"author":[{"embeddable":true,"href":"https:\/\/www.nanchital.gob.mx\/wp-nanchital\/wp-json\/wp\/v2\/users\/7"}],"replies":[{"embeddable":true,"href":"https:\/\/www.nanchital.gob.mx\/wp-nanchital\/wp-json\/wp\/v2\/comments?post=9943"}],"version-history":[{"count":1,"href":"https:\/\/www.nanchital.gob.mx\/wp-nanchital\/wp-json\/wp\/v2\/posts\/9943\/revisions"}],"predecessor-version":[{"id":9949,"href":"https:\/\/www.nanchital.gob.mx\/wp-nanchital\/wp-json\/wp\/v2\/posts\/9943\/revisions\/9949"}],"wp:featuredmedia":[{"embeddable":true,"href":"https:\/\/www.nanchital.gob.mx\/wp-nanchital\/wp-json\/wp\/v2\/media\/9948"}],"wp:attachment":[{"href":"https:\/\/www.nanchital.gob.mx\/wp-nanchital\/wp-json\/wp\/v2\/media?parent=9943"}],"wp:term":[{"taxonomy":"category","embeddable":true,"href":"https:\/\/www.nanchital.gob.mx\/wp-nanchital\/wp-json\/wp\/v2\/categories?post=9943"},{"taxonomy":"post_tag","embeddable":true,"href":"https:\/\/www.nanchital.gob.mx\/wp-nanchital\/wp-json\/wp\/v2\/tags?post=9943"}],"curies":[{"name":"wp","href":"https:\/\/api.w.org\/{rel}","templated":true}]}}