{"id":9803,"date":"2020-01-22T13:21:52","date_gmt":"2020-01-22T19:21:52","guid":{"rendered":"http:\/\/www.nanchital.gob.mx\/?p=9803"},"modified":"2020-01-22T13:21:52","modified_gmt":"2020-01-22T19:21:52","slug":"se-imparte-conferencia-de-violencia-de-genero-en-pollo-de-oro","status":"publish","type":"post","link":"https:\/\/www.nanchital.gob.mx\/wp-nanchital\/se-imparte-conferencia-de-violencia-de-genero-en-pollo-de-oro\/","title":{"rendered":"Se imparte conferencia de violencia de g\u00e9nero en Pollo de Oro"},"content":{"rendered":"<p>El Gobierno de Nanchital que preside la Dra. Zoila Balderas Guzm\u00e1n a trav\u00e9s del Instituto Municipal de la Mujer, llev\u00f3 a cabo una conferencia con el tema &#8220;Violencia de g\u00e9nero&#8221; en la Congregaci\u00f3n Pollo de Oro.<\/p>\n<p><img decoding=\"async\" class=\"img\" src=\"https:\/\/scontent.fmtt1-1.fna.fbcdn.net\/v\/t1.15752-9\/82645397_520094345599221_3803729505281900544_n.jpg?_nc_cat=106&amp;_nc_oc=AQlYMkKcCUTNgH8Z8JMGAB1jQtkbH6UxGpmYC8uUfK2xyKZVnVdx7crTrXk4XOq9S1Q&amp;_nc_ht=scontent.fmtt1-1.fna&amp;oh=70de136ecde792a032d57951b2932c69&amp;oe=5ED2B6EE\" alt=\"\" \/><\/p>\n","protected":false},"excerpt":{"rendered":"<p>El Gobierno de Nanchital que preside la Dra. Zoila Balderas Guzm\u00e1n a trav\u00e9s del Instituto Municipal de la Mujer, llev\u00f3 a cabo una conferencia con el tema &#8220;Violencia de g\u00e9nero&#8221; en la Congregaci\u00f3n Pollo de Oro.<\/p>\n","protected":false},"author":7,"featured_media":9805,"comment_status":"closed","ping_status":"closed","sticky":false,"template":"","format":"standard","meta":{"footnotes":""},"categories":[4],"tags":[],"class_list":["post-9803","post","type-post","status-publish","format-standard","has-post-thumbnail","hentry","category-noticias"],"_links":{"self":[{"href":"https:\/\/www.nanchital.gob.mx\/wp-nanchital\/wp-json\/wp\/v2\/posts\/9803","targetHints":{"allow":["GET"]}}],"collection":[{"href":"https:\/\/www.nanchital.gob.mx\/wp-nanchital\/wp-json\/wp\/v2\/posts"}],"about":[{"href":"https:\/\/www.nanchital.gob.mx\/wp-nanchital\/wp-json\/wp\/v2\/types\/post"}],"author":[{"embeddable":true,"href":"https:\/\/www.nanchital.gob.mx\/wp-nanchital\/wp-json\/wp\/v2\/users\/7"}],"replies":[{"embeddable":true,"href":"https:\/\/www.nanchital.gob.mx\/wp-nanchital\/wp-json\/wp\/v2\/comments?post=9803"}],"version-history":[{"count":1,"href":"https:\/\/www.nanchital.gob.mx\/wp-nanchital\/wp-json\/wp\/v2\/posts\/9803\/revisions"}],"predecessor-version":[{"id":9806,"href":"https:\/\/www.nanchital.gob.mx\/wp-nanchital\/wp-json\/wp\/v2\/posts\/9803\/revisions\/9806"}],"wp:featuredmedia":[{"embeddable":true,"href":"https:\/\/www.nanchital.gob.mx\/wp-nanchital\/wp-json\/wp\/v2\/media\/9805"}],"wp:attachment":[{"href":"https:\/\/www.nanchital.gob.mx\/wp-nanchital\/wp-json\/wp\/v2\/media?parent=9803"}],"wp:term":[{"taxonomy":"category","embeddable":true,"href":"https:\/\/www.nanchital.gob.mx\/wp-nanchital\/wp-json\/wp\/v2\/categories?post=9803"},{"taxonomy":"post_tag","embeddable":true,"href":"https:\/\/www.nanchital.gob.mx\/wp-nanchital\/wp-json\/wp\/v2\/tags?post=9803"}],"curies":[{"name":"wp","href":"https:\/\/api.w.org\/{rel}","templated":true}]}}