{"id":9795,"date":"2020-01-15T13:57:49","date_gmt":"2020-01-15T19:57:49","guid":{"rendered":"http:\/\/www.nanchital.gob.mx\/?p=9795"},"modified":"2020-01-15T13:57:49","modified_gmt":"2020-01-15T19:57:49","slug":"se-fomentara-el-cuidado-de-la-salud-con-jornada-sobre-la-hipertension","status":"publish","type":"post","link":"https:\/\/www.nanchital.gob.mx\/wp-nanchital\/se-fomentara-el-cuidado-de-la-salud-con-jornada-sobre-la-hipertension\/","title":{"rendered":"Se fomentar\u00e1 el cuidado de la Salud con jornada sobre la hipertensi\u00f3n"},"content":{"rendered":"<p>El Gobierno de Nanchital que preside la Dra. Zoila Balderas Guzm\u00e1n, promover\u00e1 el cuidado de la salud de la poblaci\u00f3n a trav\u00e9s de la Jornada de intervenci\u00f3n educativa de vida saludable que iniciar\u00e1 el pr\u00f3ximo 20 de enero en Casa de Cultura. En dichas sesiones se incluir\u00e1n clases educativas, talleres de alimentaci\u00f3n, ejercicio y manejo del estr\u00e9s, las cuales ser\u00e1n gratuitas para los pacientes con hipertensi\u00f3n arterial, \u00fanicamente se requiere llamar o enviar whats app al n\u00famero 9221029452 para mayores informes y registro. \u201cAgradezco a la alcaldesa Dra. Zoila Balderas Guzm\u00e1n el inter\u00e9s en este proyecto y brindarme la oportunidad de hacerlo en el municipio, es de suma importancia que las personas con esta enfermedad realicen cambios en su estilo de vida como una dieta saludable y ejercicio para controlar el padecimiento y evitar complicaciones futuras que afecten su calidad de vida\u201d inform\u00f3 la Mtra. Yessica Hortensia Silva Bautista, promotora de la jornada.<\/p>\n<p><img decoding=\"async\" class=\"img\" src=\"https:\/\/scontent.fmtt1-1.fna.fbcdn.net\/v\/t1.15752-9\/p1080x2048\/82453937_2344648559161747_6679111055123152896_n.jpg?_nc_cat=103&amp;_nc_oc=AQmCF_xNcZwcFANSBXGTxlYBt8yRND91NZ_OHsrL-iu2zlc1PzkjhbGWlZ35yQiswNo&amp;_nc_ht=scontent.fmtt1-1.fna&amp;_nc_tp=1002&amp;oh=a1233422b1e65f26ca328a31ac4a0345&amp;oe=5EA32CD4\" alt=\"\" \/><\/p>\n","protected":false},"excerpt":{"rendered":"<p>El Gobierno de Nanchital que preside la Dra. Zoila Balderas Guzm\u00e1n, promover\u00e1 el cuidado de la salud de la poblaci\u00f3n a trav\u00e9s de la Jornada de intervenci\u00f3n educativa de vida saludable que iniciar\u00e1 el pr\u00f3ximo 20 de enero en Casa de Cultura. En dichas sesiones se incluir\u00e1n clases educativas, talleres de alimentaci\u00f3n, ejercicio y manejo&hellip; <br \/> <a class=\"read-more\" href=\"https:\/\/www.nanchital.gob.mx\/wp-nanchital\/se-fomentara-el-cuidado-de-la-salud-con-jornada-sobre-la-hipertension\/\">Leer m\u00e1s<\/a><\/p>\n","protected":false},"author":7,"featured_media":9797,"comment_status":"closed","ping_status":"closed","sticky":false,"template":"","format":"standard","meta":{"footnotes":""},"categories":[4],"tags":[],"class_list":["post-9795","post","type-post","status-publish","format-standard","has-post-thumbnail","hentry","category-noticias"],"_links":{"self":[{"href":"https:\/\/www.nanchital.gob.mx\/wp-nanchital\/wp-json\/wp\/v2\/posts\/9795","targetHints":{"allow":["GET"]}}],"collection":[{"href":"https:\/\/www.nanchital.gob.mx\/wp-nanchital\/wp-json\/wp\/v2\/posts"}],"about":[{"href":"https:\/\/www.nanchital.gob.mx\/wp-nanchital\/wp-json\/wp\/v2\/types\/post"}],"author":[{"embeddable":true,"href":"https:\/\/www.nanchital.gob.mx\/wp-nanchital\/wp-json\/wp\/v2\/users\/7"}],"replies":[{"embeddable":true,"href":"https:\/\/www.nanchital.gob.mx\/wp-nanchital\/wp-json\/wp\/v2\/comments?post=9795"}],"version-history":[{"count":1,"href":"https:\/\/www.nanchital.gob.mx\/wp-nanchital\/wp-json\/wp\/v2\/posts\/9795\/revisions"}],"predecessor-version":[{"id":9798,"href":"https:\/\/www.nanchital.gob.mx\/wp-nanchital\/wp-json\/wp\/v2\/posts\/9795\/revisions\/9798"}],"wp:featuredmedia":[{"embeddable":true,"href":"https:\/\/www.nanchital.gob.mx\/wp-nanchital\/wp-json\/wp\/v2\/media\/9797"}],"wp:attachment":[{"href":"https:\/\/www.nanchital.gob.mx\/wp-nanchital\/wp-json\/wp\/v2\/media?parent=9795"}],"wp:term":[{"taxonomy":"category","embeddable":true,"href":"https:\/\/www.nanchital.gob.mx\/wp-nanchital\/wp-json\/wp\/v2\/categories?post=9795"},{"taxonomy":"post_tag","embeddable":true,"href":"https:\/\/www.nanchital.gob.mx\/wp-nanchital\/wp-json\/wp\/v2\/tags?post=9795"}],"curies":[{"name":"wp","href":"https:\/\/api.w.org\/{rel}","templated":true}]}}