{"id":9791,"date":"2020-01-15T13:18:35","date_gmt":"2020-01-15T19:18:35","guid":{"rendered":"http:\/\/www.nanchital.gob.mx\/?p=9791"},"modified":"2020-01-15T13:18:35","modified_gmt":"2020-01-15T19:18:35","slug":"estara-la-unidad-medica-movil-en-nanchital","status":"publish","type":"post","link":"https:\/\/www.nanchital.gob.mx\/wp-nanchital\/estara-la-unidad-medica-movil-en-nanchital\/","title":{"rendered":"Estar\u00e1 la Unidad M\u00e9dica M\u00f3vil en Nanchital"},"content":{"rendered":"<p>Gracias a la colaboraci\u00f3n entre el Gobierno de Nanchital que preside la Dra. Zoila Balderas Guzm\u00e1n y la paraestatal Petr\u00f3leos Mexicanos, la unidad m\u00e9dica m\u00f3vil estar\u00e1 los d\u00edas 20, 21, 22, 23, 24 y 27 de enero en las colonias del municipio brindando servicios gratuitos. El lunes 20 y martes 21 estar\u00e1 frente a la capilla de la colonia San Miguel Arc\u00e1ngel, el mi\u00e9rcoles 22 y jueves 23 en la Agencia Municipal de la Congregaci\u00f3n Cangrejera, para finalizar el viernes 24 y el lunes 27 en el Centro de Desarrollo Comunitario de la colonia Guadalupe Tepeyac, en horario de 8 y media de la ma\u00f1ana a las 3 de la tarde. Los servicios que se estar\u00e1n otorgando ser\u00e1n Medicina general, Ginecolog\u00eda, Nutrici\u00f3n, Odontolog\u00eda, as\u00ed como medicamentos gratuitos.<\/p>\n<p><img decoding=\"async\" class=\"img\" src=\"https:\/\/scontent.fmtt1-1.fna.fbcdn.net\/v\/t1.15752-9\/s2048x2048\/82535734_722375178287227_6388251665065050112_n.jpg?_nc_cat=108&amp;_nc_oc=AQlN88Z84gvYdR5r8dbA2SXPSEAydLM_aQVc1ytIX5f_dOFLYS4OP9V_dqjD0Y_lS3U&amp;_nc_ht=scontent.fmtt1-1.fna&amp;_nc_tp=1002&amp;oh=263fbffdbc0f7ea15743f9cd2f770645&amp;oe=5E90C850\" alt=\"\" \/><\/p>\n","protected":false},"excerpt":{"rendered":"<p>Gracias a la colaboraci\u00f3n entre el Gobierno de Nanchital que preside la Dra. Zoila Balderas Guzm\u00e1n y la paraestatal Petr\u00f3leos Mexicanos, la unidad m\u00e9dica m\u00f3vil estar\u00e1 los d\u00edas 20, 21, 22, 23, 24 y 27 de enero en las colonias del municipio brindando servicios gratuitos. El lunes 20 y martes 21 estar\u00e1 frente a la&hellip; <br \/> <a class=\"read-more\" href=\"https:\/\/www.nanchital.gob.mx\/wp-nanchital\/estara-la-unidad-medica-movil-en-nanchital\/\">Leer m\u00e1s<\/a><\/p>\n","protected":false},"author":7,"featured_media":9793,"comment_status":"closed","ping_status":"closed","sticky":false,"template":"","format":"standard","meta":{"footnotes":""},"categories":[4],"tags":[],"class_list":["post-9791","post","type-post","status-publish","format-standard","has-post-thumbnail","hentry","category-noticias"],"_links":{"self":[{"href":"https:\/\/www.nanchital.gob.mx\/wp-nanchital\/wp-json\/wp\/v2\/posts\/9791","targetHints":{"allow":["GET"]}}],"collection":[{"href":"https:\/\/www.nanchital.gob.mx\/wp-nanchital\/wp-json\/wp\/v2\/posts"}],"about":[{"href":"https:\/\/www.nanchital.gob.mx\/wp-nanchital\/wp-json\/wp\/v2\/types\/post"}],"author":[{"embeddable":true,"href":"https:\/\/www.nanchital.gob.mx\/wp-nanchital\/wp-json\/wp\/v2\/users\/7"}],"replies":[{"embeddable":true,"href":"https:\/\/www.nanchital.gob.mx\/wp-nanchital\/wp-json\/wp\/v2\/comments?post=9791"}],"version-history":[{"count":1,"href":"https:\/\/www.nanchital.gob.mx\/wp-nanchital\/wp-json\/wp\/v2\/posts\/9791\/revisions"}],"predecessor-version":[{"id":9794,"href":"https:\/\/www.nanchital.gob.mx\/wp-nanchital\/wp-json\/wp\/v2\/posts\/9791\/revisions\/9794"}],"wp:featuredmedia":[{"embeddable":true,"href":"https:\/\/www.nanchital.gob.mx\/wp-nanchital\/wp-json\/wp\/v2\/media\/9793"}],"wp:attachment":[{"href":"https:\/\/www.nanchital.gob.mx\/wp-nanchital\/wp-json\/wp\/v2\/media?parent=9791"}],"wp:term":[{"taxonomy":"category","embeddable":true,"href":"https:\/\/www.nanchital.gob.mx\/wp-nanchital\/wp-json\/wp\/v2\/categories?post=9791"},{"taxonomy":"post_tag","embeddable":true,"href":"https:\/\/www.nanchital.gob.mx\/wp-nanchital\/wp-json\/wp\/v2\/tags?post=9791"}],"curies":[{"name":"wp","href":"https:\/\/api.w.org\/{rel}","templated":true}]}}