{"id":9785,"date":"2020-01-14T12:15:00","date_gmt":"2020-01-14T18:15:00","guid":{"rendered":"http:\/\/www.nanchital.gob.mx\/?p=9785"},"modified":"2020-01-14T12:15:00","modified_gmt":"2020-01-14T18:15:00","slug":"se-reinicia-programa-de-rehabilitacion-de-casas","status":"publish","type":"post","link":"https:\/\/www.nanchital.gob.mx\/wp-nanchital\/se-reinicia-programa-de-rehabilitacion-de-casas\/","title":{"rendered":"Se reinicia programa de rehabilitaci\u00f3n de casas"},"content":{"rendered":"<p>El Gobierno de Nanchital que preside la Dra. Zoila Balderas Guzm\u00e1n, reinici\u00f3 actividades del programa de rehabilitaci\u00f3n de casas en este 2020, resultando beneficiada la se\u00f1ora Eloina Luria Garc\u00eda de la colonia San Regino Plutarco, con limpieza, deshierbe, poda de \u00e1rboles y una despensa.<\/p>\n<p>&nbsp;<\/p>\n<p><img decoding=\"async\" class=\"img\" src=\"https:\/\/scontent.fmtt1-1.fna.fbcdn.net\/v\/t1.15752-9\/81539016_655019271902248_8428810371359309824_n.jpg?_nc_cat=100&amp;_nc_oc=AQlNXQzz5zKQ8Gn4Fl5YNwvrkEd8RobZyFKgLV6yyksy-NvFTtQIXFMWs7YiyfQOvLL5J0oMlD-_l1iOi13yJDBP&amp;_nc_ht=scontent.fmtt1-1.fna&amp;oh=989cfb4320b7f08726f60c2e0b9d44e0&amp;oe=5E955ADB\" alt=\"\" \/><\/p>\n","protected":false},"excerpt":{"rendered":"<p>El Gobierno de Nanchital que preside la Dra. Zoila Balderas Guzm\u00e1n, reinici\u00f3 actividades del programa de rehabilitaci\u00f3n de casas en este 2020, resultando beneficiada la se\u00f1ora Eloina Luria Garc\u00eda de la colonia San Regino Plutarco, con limpieza, deshierbe, poda de \u00e1rboles y una despensa. &nbsp;<\/p>\n","protected":false},"author":7,"featured_media":9787,"comment_status":"closed","ping_status":"closed","sticky":false,"template":"","format":"standard","meta":{"footnotes":""},"categories":[4],"tags":[],"class_list":["post-9785","post","type-post","status-publish","format-standard","has-post-thumbnail","hentry","category-noticias"],"_links":{"self":[{"href":"https:\/\/www.nanchital.gob.mx\/wp-nanchital\/wp-json\/wp\/v2\/posts\/9785","targetHints":{"allow":["GET"]}}],"collection":[{"href":"https:\/\/www.nanchital.gob.mx\/wp-nanchital\/wp-json\/wp\/v2\/posts"}],"about":[{"href":"https:\/\/www.nanchital.gob.mx\/wp-nanchital\/wp-json\/wp\/v2\/types\/post"}],"author":[{"embeddable":true,"href":"https:\/\/www.nanchital.gob.mx\/wp-nanchital\/wp-json\/wp\/v2\/users\/7"}],"replies":[{"embeddable":true,"href":"https:\/\/www.nanchital.gob.mx\/wp-nanchital\/wp-json\/wp\/v2\/comments?post=9785"}],"version-history":[{"count":1,"href":"https:\/\/www.nanchital.gob.mx\/wp-nanchital\/wp-json\/wp\/v2\/posts\/9785\/revisions"}],"predecessor-version":[{"id":9788,"href":"https:\/\/www.nanchital.gob.mx\/wp-nanchital\/wp-json\/wp\/v2\/posts\/9785\/revisions\/9788"}],"wp:featuredmedia":[{"embeddable":true,"href":"https:\/\/www.nanchital.gob.mx\/wp-nanchital\/wp-json\/wp\/v2\/media\/9787"}],"wp:attachment":[{"href":"https:\/\/www.nanchital.gob.mx\/wp-nanchital\/wp-json\/wp\/v2\/media?parent=9785"}],"wp:term":[{"taxonomy":"category","embeddable":true,"href":"https:\/\/www.nanchital.gob.mx\/wp-nanchital\/wp-json\/wp\/v2\/categories?post=9785"},{"taxonomy":"post_tag","embeddable":true,"href":"https:\/\/www.nanchital.gob.mx\/wp-nanchital\/wp-json\/wp\/v2\/tags?post=9785"}],"curies":[{"name":"wp","href":"https:\/\/api.w.org\/{rel}","templated":true}]}}