{"id":9715,"date":"2020-01-07T12:42:52","date_gmt":"2020-01-07T18:42:52","guid":{"rendered":"http:\/\/www.nanchital.gob.mx\/?p=9715"},"modified":"2020-01-07T12:42:52","modified_gmt":"2020-01-07T18:42:52","slug":"ninos-y-ninas-de-nanchital-disfrutaron-del-festival-de-reyes-magos","status":"publish","type":"post","link":"https:\/\/www.nanchital.gob.mx\/wp-nanchital\/ninos-y-ninas-de-nanchital-disfrutaron-del-festival-de-reyes-magos\/","title":{"rendered":"Ni\u00f1os y ni\u00f1as de Nanchital disfrutaron del Festival de Reyes Magos"},"content":{"rendered":"<p>Con una gran asistencia en el parque Benito Ju\u00e1rez, el Gobierno de Nanchital que preside la Dra. Zoila Balderas Guzm\u00e1n en coordinaci\u00f3n con el Sistema DIF Municipal a cargo del Dr. Oscar Miguel Pi\u00f1a Balderas, realizaron un magno festejo del D\u00eda de los Reyes Magos, en el que los peque\u00f1os obtuvieron regalos, dulces, rompieron pi\u00f1ata y participaron en la gran rifa en la que pudieron obtener bicicletas, juguetes, scooters, patines, mesas de juegos y hasta roscas.<\/p>\n<p><img decoding=\"async\" class=\"img\" src=\"https:\/\/scontent.fmtt1-1.fna.fbcdn.net\/v\/t1.15752-9\/s2048x2048\/81545827_512968622896394_5804757641821421568_n.jpg?_nc_cat=101&amp;_nc_eui2=AeHzELZQx0pv_cRKvpqzP-fc0pOVir5JAgZqy5aEXY4bZsECdyCw9LO1nf5rBJb1eiCRBbQHTz0wYKTxIe_Nl8YHAbgWa1r0EpwaOd97zJwJeA&amp;_nc_oc=AQlbOtksLNTbhyOZzjKU6OSSK36ULwdt2X6_Juy_WwUElehLtCyYaFL4pnwWhj1xB0s&amp;_nc_ht=scontent.fmtt1-1.fna&amp;oh=58105effef20587fd365cff699e7d3fa&amp;oe=5EA93787\" alt=\"\" \/><\/p>\n<p><img decoding=\"async\" class=\"img\" src=\"https:\/\/scontent.fmtt1-1.fna.fbcdn.net\/v\/t1.15752-9\/s2048x2048\/81401003_2657200154499683_6287161307581906944_n.jpg?_nc_cat=108&amp;_nc_eui2=AeF546ZYcpz2Q67rFTVt4EY5zXgaQbzDiNq2xwO1HjJ01m-P4jZ0K9uotjWnbN6rlapYY99uwx5Zk01-Itm_0Ez0roqyw1l4oSJU1OFIrqEP5g&amp;_nc_oc=AQlZPJKx94HpS_xe4WmXZXlw1toUm5jRnWUY7TcQQSY3mhgqmJBLiPwdgVXEHj_fgow&amp;_nc_ht=scontent.fmtt1-1.fna&amp;oh=9d2d95f84173f2a004df3914fe80fca7&amp;oe=5EAE36F1\" alt=\"\" \/><\/p>\n<p><img decoding=\"async\" class=\"img\" src=\"https:\/\/scontent.fmtt1-1.fna.fbcdn.net\/v\/t1.15752-9\/s2048x2048\/81309086_622840458452548_8343009509039407104_n.jpg?_nc_cat=104&amp;_nc_eui2=AeH8slXKzZ6QCMbjCdVPjV49OSPWwoDCyv0l0_RWNfviu6vcZactmi2dglTP0sSzXFDZT57oG4A7XlRm9uH9Bg_4QNJ-XDDmyOqNuAc1ASB0sw&amp;_nc_oc=AQmBXM6m1hAvZjPycKP8C4KJLdUPrypSZNndZ3hQ0MPpsFFgTt4iebe1Se_yzcTEX1g&amp;_nc_ht=scontent.fmtt1-1.fna&amp;oh=2a61cda713f7e662d0b52eb2b516c5b0&amp;oe=5E931025\" alt=\"\" \/><\/p>\n","protected":false},"excerpt":{"rendered":"<p>Con una gran asistencia en el parque Benito Ju\u00e1rez, el Gobierno de Nanchital que preside la Dra. Zoila Balderas Guzm\u00e1n en coordinaci\u00f3n con el Sistema DIF Municipal a cargo del Dr. Oscar Miguel Pi\u00f1a Balderas, realizaron un magno festejo del D\u00eda de los Reyes Magos, en el que los peque\u00f1os obtuvieron regalos, dulces, rompieron pi\u00f1ata&hellip; <br \/> <a class=\"read-more\" href=\"https:\/\/www.nanchital.gob.mx\/wp-nanchital\/ninos-y-ninas-de-nanchital-disfrutaron-del-festival-de-reyes-magos\/\">Leer m\u00e1s<\/a><\/p>\n","protected":false},"author":7,"featured_media":9717,"comment_status":"closed","ping_status":"closed","sticky":false,"template":"","format":"standard","meta":{"footnotes":""},"categories":[4],"tags":[],"class_list":["post-9715","post","type-post","status-publish","format-standard","has-post-thumbnail","hentry","category-noticias"],"_links":{"self":[{"href":"https:\/\/www.nanchital.gob.mx\/wp-nanchital\/wp-json\/wp\/v2\/posts\/9715","targetHints":{"allow":["GET"]}}],"collection":[{"href":"https:\/\/www.nanchital.gob.mx\/wp-nanchital\/wp-json\/wp\/v2\/posts"}],"about":[{"href":"https:\/\/www.nanchital.gob.mx\/wp-nanchital\/wp-json\/wp\/v2\/types\/post"}],"author":[{"embeddable":true,"href":"https:\/\/www.nanchital.gob.mx\/wp-nanchital\/wp-json\/wp\/v2\/users\/7"}],"replies":[{"embeddable":true,"href":"https:\/\/www.nanchital.gob.mx\/wp-nanchital\/wp-json\/wp\/v2\/comments?post=9715"}],"version-history":[{"count":1,"href":"https:\/\/www.nanchital.gob.mx\/wp-nanchital\/wp-json\/wp\/v2\/posts\/9715\/revisions"}],"predecessor-version":[{"id":9718,"href":"https:\/\/www.nanchital.gob.mx\/wp-nanchital\/wp-json\/wp\/v2\/posts\/9715\/revisions\/9718"}],"wp:featuredmedia":[{"embeddable":true,"href":"https:\/\/www.nanchital.gob.mx\/wp-nanchital\/wp-json\/wp\/v2\/media\/9717"}],"wp:attachment":[{"href":"https:\/\/www.nanchital.gob.mx\/wp-nanchital\/wp-json\/wp\/v2\/media?parent=9715"}],"wp:term":[{"taxonomy":"category","embeddable":true,"href":"https:\/\/www.nanchital.gob.mx\/wp-nanchital\/wp-json\/wp\/v2\/categories?post=9715"},{"taxonomy":"post_tag","embeddable":true,"href":"https:\/\/www.nanchital.gob.mx\/wp-nanchital\/wp-json\/wp\/v2\/tags?post=9715"}],"curies":[{"name":"wp","href":"https:\/\/api.w.org\/{rel}","templated":true}]}}