{"id":9703,"date":"2020-01-03T11:58:04","date_gmt":"2020-01-03T17:58:04","guid":{"rendered":"http:\/\/www.nanchital.gob.mx\/?p=9703"},"modified":"2020-01-03T11:58:04","modified_gmt":"2020-01-03T17:58:04","slug":"se-realizara-festival-del-dia-de-reyes","status":"publish","type":"post","link":"https:\/\/www.nanchital.gob.mx\/wp-nanchital\/se-realizara-festival-del-dia-de-reyes\/","title":{"rendered":"Se realizar\u00e1 Festival del d\u00eda de Reyes"},"content":{"rendered":"<p>El Gobierno Municipal que preside la Dra. Zoila Balderas Guzm\u00e1n en coordinaci\u00f3n con el Sistema DIF Municipal, realizar\u00e1n el tradicional Festival de D\u00eda de Reyes el pr\u00f3ximo lunes 6 de enero a las 5 y media de la tarde en el Parque Benito Ju\u00e1rez. Este evento se realizar\u00e1 como parte de las actividades de Nanchital Iluminado, en d\u00f3nde habr\u00e1 regalos, concursos y la tradicional rosca de reyes para los ni\u00f1os que asistan al evento que ser\u00e1 de acceso libre. \u201cEstamos preparando un evento para que los ni\u00f1os disfruten este d\u00eda, casi por cerrar las actividades de Nanchital Iluminado en el que hemos tenido m\u00e1s de 6 mil visitantes desde el 26 de Noviembre a la fecha\u201d coment\u00f3 Gladis Castelo Mart\u00ednez titular de Turismo.<\/p>\n<p>&nbsp;<\/p>\n<p><img decoding=\"async\" class=\"img\" src=\"https:\/\/scontent-dfw5-2.xx.fbcdn.net\/v\/t1.15752-9\/s2048x2048\/81207241_588966388555629_7774912239177302016_n.jpg?_nc_cat=100&amp;_nc_oc=AQkWaWQcok_l3yuPgFvr4U_j1eqvybPV6mhVrYtbkg170HYMbdWdbO-d9OaWu2tPJwg&amp;_nc_ht=scontent-dfw5-2.xx&amp;oh=82fd35b549ce3a7895a5f7b270af6542&amp;oe=5E9E5634\" alt=\"\" \/><\/p>\n","protected":false},"excerpt":{"rendered":"<p>El Gobierno Municipal que preside la Dra. Zoila Balderas Guzm\u00e1n en coordinaci\u00f3n con el Sistema DIF Municipal, realizar\u00e1n el tradicional Festival de D\u00eda de Reyes el pr\u00f3ximo lunes 6 de enero a las 5 y media de la tarde en el Parque Benito Ju\u00e1rez. Este evento se realizar\u00e1 como parte de las actividades de Nanchital&hellip; <br \/> <a class=\"read-more\" href=\"https:\/\/www.nanchital.gob.mx\/wp-nanchital\/se-realizara-festival-del-dia-de-reyes\/\">Leer m\u00e1s<\/a><\/p>\n","protected":false},"author":7,"featured_media":9705,"comment_status":"closed","ping_status":"closed","sticky":false,"template":"","format":"standard","meta":{"footnotes":""},"categories":[4],"tags":[],"class_list":["post-9703","post","type-post","status-publish","format-standard","has-post-thumbnail","hentry","category-noticias"],"_links":{"self":[{"href":"https:\/\/www.nanchital.gob.mx\/wp-nanchital\/wp-json\/wp\/v2\/posts\/9703","targetHints":{"allow":["GET"]}}],"collection":[{"href":"https:\/\/www.nanchital.gob.mx\/wp-nanchital\/wp-json\/wp\/v2\/posts"}],"about":[{"href":"https:\/\/www.nanchital.gob.mx\/wp-nanchital\/wp-json\/wp\/v2\/types\/post"}],"author":[{"embeddable":true,"href":"https:\/\/www.nanchital.gob.mx\/wp-nanchital\/wp-json\/wp\/v2\/users\/7"}],"replies":[{"embeddable":true,"href":"https:\/\/www.nanchital.gob.mx\/wp-nanchital\/wp-json\/wp\/v2\/comments?post=9703"}],"version-history":[{"count":1,"href":"https:\/\/www.nanchital.gob.mx\/wp-nanchital\/wp-json\/wp\/v2\/posts\/9703\/revisions"}],"predecessor-version":[{"id":9706,"href":"https:\/\/www.nanchital.gob.mx\/wp-nanchital\/wp-json\/wp\/v2\/posts\/9703\/revisions\/9706"}],"wp:featuredmedia":[{"embeddable":true,"href":"https:\/\/www.nanchital.gob.mx\/wp-nanchital\/wp-json\/wp\/v2\/media\/9705"}],"wp:attachment":[{"href":"https:\/\/www.nanchital.gob.mx\/wp-nanchital\/wp-json\/wp\/v2\/media?parent=9703"}],"wp:term":[{"taxonomy":"category","embeddable":true,"href":"https:\/\/www.nanchital.gob.mx\/wp-nanchital\/wp-json\/wp\/v2\/categories?post=9703"},{"taxonomy":"post_tag","embeddable":true,"href":"https:\/\/www.nanchital.gob.mx\/wp-nanchital\/wp-json\/wp\/v2\/tags?post=9703"}],"curies":[{"name":"wp","href":"https:\/\/api.w.org\/{rel}","templated":true}]}}