{"id":9570,"date":"2019-12-06T13:29:36","date_gmt":"2019-12-06T19:29:36","guid":{"rendered":"http:\/\/www.nanchital.gob.mx\/?p=9570"},"modified":"2019-12-06T13:29:36","modified_gmt":"2019-12-06T19:29:36","slug":"se-realiza-cuadrangular-de-basquetbol","status":"publish","type":"post","link":"https:\/\/www.nanchital.gob.mx\/wp-nanchital\/se-realiza-cuadrangular-de-basquetbol\/","title":{"rendered":"Se realiza cuadrangular de B\u00e1squetbol"},"content":{"rendered":"<p>Con una participaci\u00f3n de equipos de Nanchital y Coatzacoalcos, el Gobierno Municipal que preside la Dra. Zoila Balderas Guzm\u00e1n, llev\u00f3 a cabo a trav\u00e9s de la COMUDE y en colaboraci\u00f3n con el Centro de Atenci\u00f3n M\u00faltiple No. 48 de esta ciudad, el primer cuadrangular de B\u00e1squetbol para conmemorar el D\u00eda Internacional de las personas con discapacidad. En este in\u00e9dito cuadrangular en el que m\u00e1s de 40 j\u00f3venes con discapacidad fueron parte del evento, se enfrentaron los equipos del CAM 48 y Atl\u00e9tico Delgado de Nanchital, as\u00ed como el CAM 26 y Delfines de Coatzacoalcos, resultando ganador el equipo Atl\u00e9tico Delgado de esta ciudad. \u201cPor primera vez realizamos este evento y creemos que es importante brindar a los j\u00f3venes con capacidades diferentes una alternativa de esparcimiento, estamos verificando la posibilidad de seguir haciendo m\u00e1s eventos deportivos para ellos\u201d coment\u00f3 Omar Santiago Garc\u00eda, titular de la COMUDE.<\/p>\n<p><img decoding=\"async\" class=\"img\" src=\"https:\/\/scontent.fmtt1-1.fna.fbcdn.net\/v\/t1.15752-9\/s2048x2048\/79371919_1026826997664129_7237998287310028800_n.jpg?_nc_cat=105&amp;_nc_ohc=5gaDOk0fJM8AQkx3PDP-LxVHq-RM63lWXN7G6wfJSU0SqvRgSM1QhZu4w&amp;_nc_ht=scontent.fmtt1-1.fna&amp;oh=92579776573f7c37f3e53a1af9563b99&amp;oe=5E7A27FC\" alt=\"\" \/><\/p>\n","protected":false},"excerpt":{"rendered":"<p>Con una participaci\u00f3n de equipos de Nanchital y Coatzacoalcos, el Gobierno Municipal que preside la Dra. Zoila Balderas Guzm\u00e1n, llev\u00f3 a cabo a trav\u00e9s de la COMUDE y en colaboraci\u00f3n con el Centro de Atenci\u00f3n M\u00faltiple No. 48 de esta ciudad, el primer cuadrangular de B\u00e1squetbol para conmemorar el D\u00eda Internacional de las personas con&hellip; <br \/> <a class=\"read-more\" href=\"https:\/\/www.nanchital.gob.mx\/wp-nanchital\/se-realiza-cuadrangular-de-basquetbol\/\">Leer m\u00e1s<\/a><\/p>\n","protected":false},"author":7,"featured_media":9572,"comment_status":"closed","ping_status":"closed","sticky":false,"template":"","format":"standard","meta":{"footnotes":""},"categories":[4],"tags":[],"class_list":["post-9570","post","type-post","status-publish","format-standard","has-post-thumbnail","hentry","category-noticias"],"_links":{"self":[{"href":"https:\/\/www.nanchital.gob.mx\/wp-nanchital\/wp-json\/wp\/v2\/posts\/9570","targetHints":{"allow":["GET"]}}],"collection":[{"href":"https:\/\/www.nanchital.gob.mx\/wp-nanchital\/wp-json\/wp\/v2\/posts"}],"about":[{"href":"https:\/\/www.nanchital.gob.mx\/wp-nanchital\/wp-json\/wp\/v2\/types\/post"}],"author":[{"embeddable":true,"href":"https:\/\/www.nanchital.gob.mx\/wp-nanchital\/wp-json\/wp\/v2\/users\/7"}],"replies":[{"embeddable":true,"href":"https:\/\/www.nanchital.gob.mx\/wp-nanchital\/wp-json\/wp\/v2\/comments?post=9570"}],"version-history":[{"count":1,"href":"https:\/\/www.nanchital.gob.mx\/wp-nanchital\/wp-json\/wp\/v2\/posts\/9570\/revisions"}],"predecessor-version":[{"id":9573,"href":"https:\/\/www.nanchital.gob.mx\/wp-nanchital\/wp-json\/wp\/v2\/posts\/9570\/revisions\/9573"}],"wp:featuredmedia":[{"embeddable":true,"href":"https:\/\/www.nanchital.gob.mx\/wp-nanchital\/wp-json\/wp\/v2\/media\/9572"}],"wp:attachment":[{"href":"https:\/\/www.nanchital.gob.mx\/wp-nanchital\/wp-json\/wp\/v2\/media?parent=9570"}],"wp:term":[{"taxonomy":"category","embeddable":true,"href":"https:\/\/www.nanchital.gob.mx\/wp-nanchital\/wp-json\/wp\/v2\/categories?post=9570"},{"taxonomy":"post_tag","embeddable":true,"href":"https:\/\/www.nanchital.gob.mx\/wp-nanchital\/wp-json\/wp\/v2\/tags?post=9570"}],"curies":[{"name":"wp","href":"https:\/\/api.w.org\/{rel}","templated":true}]}}