{"id":9562,"date":"2019-12-05T10:29:29","date_gmt":"2019-12-05T16:29:29","guid":{"rendered":"http:\/\/www.nanchital.gob.mx\/?p=9562"},"modified":"2019-12-05T10:29:29","modified_gmt":"2019-12-05T16:29:29","slug":"gran-encendido-del-nacimiento-iluminado","status":"publish","type":"post","link":"https:\/\/www.nanchital.gob.mx\/wp-nanchital\/gran-encendido-del-nacimiento-iluminado\/","title":{"rendered":"Gran encendido del Nacimiento iluminado"},"content":{"rendered":"<p>Con el inicio de Nanchital iluminado, el Gobierno Municipal que preside la Dra. Zoila Balderas Guzm\u00e1n inaugur\u00f3 el nacimiento monumental de figuras de luz, ubicado en el parque Benito Ju\u00e1rez, el cual estar\u00e1 hasta el 9 de enero del 2020. Para comenzar las actividades culturales, se hizo el tradicional encendido de las luces acompa\u00f1ado de la pirotecnia, para despu\u00e9s dar paso al grupo Euforia Dance que present\u00f3 un espectacular show de baile moderno que hizo vibrar a los asistentes a este gran evento, en el que la fot\u00f3grafa Photo Yaz, tom\u00f3 im\u00e1genes de las familias con las figuras navide\u00f1as. \u201cDecoramos el coraz\u00f3n de nuestra ciudad con m\u00e1s de 180 figuras iluminadas, las cuales est\u00e1n realizadas artesanalmente por manos mexicanas, esto pensando en los efectos positivos que genera la luz, para fortalecer los v\u00ednculos al interior de las familias\u201d coment\u00f3 la alcaldesa Dra. Zoila Balderas Guzm\u00e1n.<\/p>\n<p><img decoding=\"async\" class=\"img\" src=\"https:\/\/scontent.fmtt1-1.fna.fbcdn.net\/v\/t1.15752-9\/s2048x2048\/78304535_782167808895191_7265126812580052992_n.jpg?_nc_cat=101&amp;_nc_eui2=AeGGdYNjb06YAxo3Xt9WPXSyKXZFWR2ax1CIu0KkHCy4J1xDg8_oUx1c0k-cF-Pv7LSqJtIa5MOgiTkldVRQLDWTbihiIyviGnu1kyXHIcabOg&amp;_nc_ohc=WHkj1rN5lgwAQnWv0ahf8Q8oM7wHuXyJ9je0pSypZZSkPm9j2I82R1S5A&amp;_nc_ht=scontent.fmtt1-1.fna&amp;oh=12b5f87a21368fdff18bbb3bbfaa3ddb&amp;oe=5E427C7F\" alt=\"\" \/><\/p>\n","protected":false},"excerpt":{"rendered":"<p>Con el inicio de Nanchital iluminado, el Gobierno Municipal que preside la Dra. Zoila Balderas Guzm\u00e1n inaugur\u00f3 el nacimiento monumental de figuras de luz, ubicado en el parque Benito Ju\u00e1rez, el cual estar\u00e1 hasta el 9 de enero del 2020. Para comenzar las actividades culturales, se hizo el tradicional encendido de las luces acompa\u00f1ado de&hellip; <br \/> <a class=\"read-more\" href=\"https:\/\/www.nanchital.gob.mx\/wp-nanchital\/gran-encendido-del-nacimiento-iluminado\/\">Leer m\u00e1s<\/a><\/p>\n","protected":false},"author":7,"featured_media":9564,"comment_status":"closed","ping_status":"closed","sticky":false,"template":"","format":"standard","meta":{"footnotes":""},"categories":[4],"tags":[],"class_list":["post-9562","post","type-post","status-publish","format-standard","has-post-thumbnail","hentry","category-noticias"],"_links":{"self":[{"href":"https:\/\/www.nanchital.gob.mx\/wp-nanchital\/wp-json\/wp\/v2\/posts\/9562","targetHints":{"allow":["GET"]}}],"collection":[{"href":"https:\/\/www.nanchital.gob.mx\/wp-nanchital\/wp-json\/wp\/v2\/posts"}],"about":[{"href":"https:\/\/www.nanchital.gob.mx\/wp-nanchital\/wp-json\/wp\/v2\/types\/post"}],"author":[{"embeddable":true,"href":"https:\/\/www.nanchital.gob.mx\/wp-nanchital\/wp-json\/wp\/v2\/users\/7"}],"replies":[{"embeddable":true,"href":"https:\/\/www.nanchital.gob.mx\/wp-nanchital\/wp-json\/wp\/v2\/comments?post=9562"}],"version-history":[{"count":1,"href":"https:\/\/www.nanchital.gob.mx\/wp-nanchital\/wp-json\/wp\/v2\/posts\/9562\/revisions"}],"predecessor-version":[{"id":9565,"href":"https:\/\/www.nanchital.gob.mx\/wp-nanchital\/wp-json\/wp\/v2\/posts\/9562\/revisions\/9565"}],"wp:featuredmedia":[{"embeddable":true,"href":"https:\/\/www.nanchital.gob.mx\/wp-nanchital\/wp-json\/wp\/v2\/media\/9564"}],"wp:attachment":[{"href":"https:\/\/www.nanchital.gob.mx\/wp-nanchital\/wp-json\/wp\/v2\/media?parent=9562"}],"wp:term":[{"taxonomy":"category","embeddable":true,"href":"https:\/\/www.nanchital.gob.mx\/wp-nanchital\/wp-json\/wp\/v2\/categories?post=9562"},{"taxonomy":"post_tag","embeddable":true,"href":"https:\/\/www.nanchital.gob.mx\/wp-nanchital\/wp-json\/wp\/v2\/tags?post=9562"}],"curies":[{"name":"wp","href":"https:\/\/api.w.org\/{rel}","templated":true}]}}