{"id":9551,"date":"2019-12-05T10:21:07","date_gmt":"2019-12-05T16:21:07","guid":{"rendered":"http:\/\/www.nanchital.gob.mx\/?p=9551"},"modified":"2019-12-05T10:21:07","modified_gmt":"2019-12-05T16:21:07","slug":"casa-de-cultura-gana-convocatoria-del-ivec","status":"publish","type":"post","link":"https:\/\/www.nanchital.gob.mx\/wp-nanchital\/casa-de-cultura-gana-convocatoria-del-ivec\/","title":{"rendered":"Casa de Cultura gana convocatoria del IVEC"},"content":{"rendered":"<p>Despu\u00e9s de que el Gobierno Municipal que preside la Dra. Zoila Balderas Guzm\u00e1n participara en la convocatoria de Apoyo a la operaci\u00f3n de Casas de Cultura del Estado de Veracruz, el Instituto Veracruzano de Cultura ha emitido sus resultados, en los que el recinto cultural de Nanchital result\u00f3 uno de los beneficiados. Para ser parte de esta convocatoria con un premio para infraestructura, se tuvo que elaborar una lista de requerimientos con su justificaci\u00f3n para que pudieran ser considerados en dicho apoyo. \u201cSolicitamos equipo para mejorar el servicio que prestamos en el sal\u00f3n 22 que es en donde se realizan los eventos principales del recinto, en el que se podr\u00e1n hacer presentaciones de libros, proyecci\u00f3n de cine, funciones de teatro, conferencias o talleres de diversos tipos y con ello aumentar la oferta de actividades\u201d inform\u00f3 Sandra Lidia Islas Medina, titular de Casa de Cultura.<\/p>\n<p><img decoding=\"async\" class=\"img\" src=\"https:\/\/scontent.fmtt1-1.fna.fbcdn.net\/v\/t1.15752-9\/79440651_771416086667926_6002062460805185536_n.jpg?_nc_cat=105&amp;_nc_eui2=AeGpkaDNm5dWtpzb4Aeroqfd-Odq_B0Af0_hVVv1F235TdQ929aSenpzuSAWa4NHiTL2obeg5yxUhF9aPI7WrulZGl-2Ud-SY4cmkJiP060rxg&amp;_nc_ohc=XPlbfioLFWwAQmhKnaxafPnFyFxCeTkKyqFV9pgi01HM_OVok4P836Ptg&amp;_nc_ht=scontent.fmtt1-1.fna&amp;oh=782fa5d4f8f32ed56ec4c758725efa48&amp;oe=5E8A11D4\" alt=\"\" \/><\/p>\n","protected":false},"excerpt":{"rendered":"<p>Despu\u00e9s de que el Gobierno Municipal que preside la Dra. Zoila Balderas Guzm\u00e1n participara en la convocatoria de Apoyo a la operaci\u00f3n de Casas de Cultura del Estado de Veracruz, el Instituto Veracruzano de Cultura ha emitido sus resultados, en los que el recinto cultural de Nanchital result\u00f3 uno de los beneficiados. Para ser parte&hellip; <br \/> <a class=\"read-more\" href=\"https:\/\/www.nanchital.gob.mx\/wp-nanchital\/casa-de-cultura-gana-convocatoria-del-ivec\/\">Leer m\u00e1s<\/a><\/p>\n","protected":false},"author":7,"featured_media":4916,"comment_status":"closed","ping_status":"closed","sticky":false,"template":"","format":"standard","meta":{"footnotes":""},"categories":[4],"tags":[],"class_list":["post-9551","post","type-post","status-publish","format-standard","has-post-thumbnail","hentry","category-noticias"],"_links":{"self":[{"href":"https:\/\/www.nanchital.gob.mx\/wp-nanchital\/wp-json\/wp\/v2\/posts\/9551","targetHints":{"allow":["GET"]}}],"collection":[{"href":"https:\/\/www.nanchital.gob.mx\/wp-nanchital\/wp-json\/wp\/v2\/posts"}],"about":[{"href":"https:\/\/www.nanchital.gob.mx\/wp-nanchital\/wp-json\/wp\/v2\/types\/post"}],"author":[{"embeddable":true,"href":"https:\/\/www.nanchital.gob.mx\/wp-nanchital\/wp-json\/wp\/v2\/users\/7"}],"replies":[{"embeddable":true,"href":"https:\/\/www.nanchital.gob.mx\/wp-nanchital\/wp-json\/wp\/v2\/comments?post=9551"}],"version-history":[{"count":1,"href":"https:\/\/www.nanchital.gob.mx\/wp-nanchital\/wp-json\/wp\/v2\/posts\/9551\/revisions"}],"predecessor-version":[{"id":9553,"href":"https:\/\/www.nanchital.gob.mx\/wp-nanchital\/wp-json\/wp\/v2\/posts\/9551\/revisions\/9553"}],"wp:featuredmedia":[{"embeddable":true,"href":"https:\/\/www.nanchital.gob.mx\/wp-nanchital\/wp-json\/wp\/v2\/media\/4916"}],"wp:attachment":[{"href":"https:\/\/www.nanchital.gob.mx\/wp-nanchital\/wp-json\/wp\/v2\/media?parent=9551"}],"wp:term":[{"taxonomy":"category","embeddable":true,"href":"https:\/\/www.nanchital.gob.mx\/wp-nanchital\/wp-json\/wp\/v2\/categories?post=9551"},{"taxonomy":"post_tag","embeddable":true,"href":"https:\/\/www.nanchital.gob.mx\/wp-nanchital\/wp-json\/wp\/v2\/tags?post=9551"}],"curies":[{"name":"wp","href":"https:\/\/api.w.org\/{rel}","templated":true}]}}