{"id":9543,"date":"2019-12-05T10:12:43","date_gmt":"2019-12-05T16:12:43","guid":{"rendered":"http:\/\/www.nanchital.gob.mx\/?p=9543"},"modified":"2019-12-05T10:12:43","modified_gmt":"2019-12-05T16:12:43","slug":"se-inicia-obra-en-la-calle-madero","status":"publish","type":"post","link":"https:\/\/www.nanchital.gob.mx\/wp-nanchital\/se-inicia-obra-en-la-calle-madero\/","title":{"rendered":"Se inicia obra en la calle Madero"},"content":{"rendered":"<p>El Gobierno Municipal que preside la Dra. Zoila Balderas Guzm\u00e1n, ha iniciado los trabajos de la obra de Construcci\u00f3n de 470 metros lineales de drenaje sanitario en la calle Madero de la colonia San Nicol\u00e1s de Bari, en respuesta a una solicitud realizada por los vecinos. Con esta obra se beneficia a m\u00e1s de 100 personas que habitan en ese sector, que anteriormente presentaba un flujo de aguas negras por debajo de las viviendas que provocaba muchos problemas a los colonos. Los vecinos solicitaron a la alcaldesa mediante un escrito exponiendo la problem\u00e1tica y la alcaldesa respondi\u00f3 a esa petici\u00f3n como lo ha realizado durante el a\u00f1o en otras colonias.<\/p>\n<p>&nbsp;<\/p>\n<p><img decoding=\"async\" class=\"img\" src=\"https:\/\/scontent.fmtt1-1.fna.fbcdn.net\/v\/t1.15752-9\/79257496_746998975776688_2882220623835168768_n.jpg?_nc_cat=101&amp;_nc_eui2=AeH2ise2y-jn-uVXfL34GEUgCGkYYZmTwQNDA6Z8wYFhKfFG3xN9W6ACYknTY6K4og8tmeDLg6oG4ZHjiPFK4gsXRkRlvWEzp8ZAxlUD1Wrw9A&amp;_nc_ohc=OfC_z5wfM1QAQkzGchGlOUl7f1iDWyNBo8wfKHqojlZ1Gc2aRZFDB3-0w&amp;_nc_ht=scontent.fmtt1-1.fna&amp;oh=d5c5995a655939a882a8843394cb7b2f&amp;oe=5E88E3E6\" alt=\"\" \/><\/p>\n","protected":false},"excerpt":{"rendered":"<p>El Gobierno Municipal que preside la Dra. Zoila Balderas Guzm\u00e1n, ha iniciado los trabajos de la obra de Construcci\u00f3n de 470 metros lineales de drenaje sanitario en la calle Madero de la colonia San Nicol\u00e1s de Bari, en respuesta a una solicitud realizada por los vecinos. Con esta obra se beneficia a m\u00e1s de 100&hellip; <br \/> <a class=\"read-more\" href=\"https:\/\/www.nanchital.gob.mx\/wp-nanchital\/se-inicia-obra-en-la-calle-madero\/\">Leer m\u00e1s<\/a><\/p>\n","protected":false},"author":7,"featured_media":9545,"comment_status":"closed","ping_status":"closed","sticky":false,"template":"","format":"standard","meta":{"footnotes":""},"categories":[4],"tags":[],"class_list":["post-9543","post","type-post","status-publish","format-standard","has-post-thumbnail","hentry","category-noticias"],"_links":{"self":[{"href":"https:\/\/www.nanchital.gob.mx\/wp-nanchital\/wp-json\/wp\/v2\/posts\/9543","targetHints":{"allow":["GET"]}}],"collection":[{"href":"https:\/\/www.nanchital.gob.mx\/wp-nanchital\/wp-json\/wp\/v2\/posts"}],"about":[{"href":"https:\/\/www.nanchital.gob.mx\/wp-nanchital\/wp-json\/wp\/v2\/types\/post"}],"author":[{"embeddable":true,"href":"https:\/\/www.nanchital.gob.mx\/wp-nanchital\/wp-json\/wp\/v2\/users\/7"}],"replies":[{"embeddable":true,"href":"https:\/\/www.nanchital.gob.mx\/wp-nanchital\/wp-json\/wp\/v2\/comments?post=9543"}],"version-history":[{"count":1,"href":"https:\/\/www.nanchital.gob.mx\/wp-nanchital\/wp-json\/wp\/v2\/posts\/9543\/revisions"}],"predecessor-version":[{"id":9546,"href":"https:\/\/www.nanchital.gob.mx\/wp-nanchital\/wp-json\/wp\/v2\/posts\/9543\/revisions\/9546"}],"wp:featuredmedia":[{"embeddable":true,"href":"https:\/\/www.nanchital.gob.mx\/wp-nanchital\/wp-json\/wp\/v2\/media\/9545"}],"wp:attachment":[{"href":"https:\/\/www.nanchital.gob.mx\/wp-nanchital\/wp-json\/wp\/v2\/media?parent=9543"}],"wp:term":[{"taxonomy":"category","embeddable":true,"href":"https:\/\/www.nanchital.gob.mx\/wp-nanchital\/wp-json\/wp\/v2\/categories?post=9543"},{"taxonomy":"post_tag","embeddable":true,"href":"https:\/\/www.nanchital.gob.mx\/wp-nanchital\/wp-json\/wp\/v2\/tags?post=9543"}],"curies":[{"name":"wp","href":"https:\/\/api.w.org\/{rel}","templated":true}]}}