{"id":9539,"date":"2019-12-05T10:06:19","date_gmt":"2019-12-05T16:06:19","guid":{"rendered":"http:\/\/www.nanchital.gob.mx\/?p=9539"},"modified":"2019-12-05T10:06:19","modified_gmt":"2019-12-05T16:06:19","slug":"realizaran-gran-encendido-de-nacimiento","status":"publish","type":"post","link":"https:\/\/www.nanchital.gob.mx\/wp-nanchital\/realizaran-gran-encendido-de-nacimiento\/","title":{"rendered":"Realizar\u00e1n gran encendido de nacimiento"},"content":{"rendered":"<p>El Gobierno Municipal de Nanchital que preside la Dra. Zoila Balderas Guzm\u00e1n, tiene preparado un acontecimiento \u00fanico en la regi\u00f3n, \u201cNanchital iluminado\u201d que consiste en el encendido de un nacimiento monumental con 181 figuras de luz que se colocar\u00e1 en el Parque Benito Ju\u00e1rez a partir del 26 de Noviembre y hasta el 9 de enero del pr\u00f3ximo a\u00f1o. Adem\u00e1s del parque, las calles Ju\u00e1rez y 18 de marzo, ser\u00e1n cubiertas con luces y figuras navide\u00f1as, siendo el parque central sede de actividades art\u00edsticas, venta de artesan\u00edas y gastronom\u00eda, evento en el que tambi\u00e9n colaboran los comerciantes del primer cuadro de la ciudad. \u201cLa inauguraci\u00f3n ser\u00e1 el pr\u00f3ximo martes 26 de Noviembre a las 6 y media de la tarde en el parque Benito Ju\u00e1rez, esto lo hacemos en conmemoraci\u00f3n del 31 aniversario como Municipio Libre de nuestra ciudad y con este atractivo tur\u00edstico, esperamos recibir a miles de visitantes de toda la regi\u00f3n durante estos 45 d\u00edas que estar\u00e1 el nacimiento iluminado en Nanchital\u201d coment\u00f3 la alcaldesa Dra. Zoila Balderas Guzm\u00e1n.<\/p>\n<p><img fetchpriority=\"high\" decoding=\"async\" class=\" wp-image-9444 aligncenter\" src=\"http:\/\/www.nanchital.gob.mx\/wp-content\/uploads\/navidad-01-300x124.jpg\" alt=\"\" width=\"794\" height=\"328\" srcset=\"https:\/\/www.nanchital.gob.mx\/wp-nanchital\/wp-content\/uploads\/navidad-01-300x124.jpg 300w, https:\/\/www.nanchital.gob.mx\/wp-nanchital\/wp-content\/uploads\/navidad-01-1920x796.jpg 1920w\" sizes=\"(max-width: 794px) 100vw, 794px\" \/><\/p>\n","protected":false},"excerpt":{"rendered":"<p>El Gobierno Municipal de Nanchital que preside la Dra. Zoila Balderas Guzm\u00e1n, tiene preparado un acontecimiento \u00fanico en la regi\u00f3n, \u201cNanchital iluminado\u201d que consiste en el encendido de un nacimiento monumental con 181 figuras de luz que se colocar\u00e1 en el Parque Benito Ju\u00e1rez a partir del 26 de Noviembre y hasta el 9 de&hellip; <br \/> <a class=\"read-more\" href=\"https:\/\/www.nanchital.gob.mx\/wp-nanchital\/realizaran-gran-encendido-de-nacimiento\/\">Leer m\u00e1s<\/a><\/p>\n","protected":false},"author":7,"featured_media":9541,"comment_status":"closed","ping_status":"closed","sticky":false,"template":"","format":"standard","meta":{"footnotes":""},"categories":[4],"tags":[],"class_list":["post-9539","post","type-post","status-publish","format-standard","has-post-thumbnail","hentry","category-noticias"],"_links":{"self":[{"href":"https:\/\/www.nanchital.gob.mx\/wp-nanchital\/wp-json\/wp\/v2\/posts\/9539","targetHints":{"allow":["GET"]}}],"collection":[{"href":"https:\/\/www.nanchital.gob.mx\/wp-nanchital\/wp-json\/wp\/v2\/posts"}],"about":[{"href":"https:\/\/www.nanchital.gob.mx\/wp-nanchital\/wp-json\/wp\/v2\/types\/post"}],"author":[{"embeddable":true,"href":"https:\/\/www.nanchital.gob.mx\/wp-nanchital\/wp-json\/wp\/v2\/users\/7"}],"replies":[{"embeddable":true,"href":"https:\/\/www.nanchital.gob.mx\/wp-nanchital\/wp-json\/wp\/v2\/comments?post=9539"}],"version-history":[{"count":1,"href":"https:\/\/www.nanchital.gob.mx\/wp-nanchital\/wp-json\/wp\/v2\/posts\/9539\/revisions"}],"predecessor-version":[{"id":9542,"href":"https:\/\/www.nanchital.gob.mx\/wp-nanchital\/wp-json\/wp\/v2\/posts\/9539\/revisions\/9542"}],"wp:featuredmedia":[{"embeddable":true,"href":"https:\/\/www.nanchital.gob.mx\/wp-nanchital\/wp-json\/wp\/v2\/media\/9541"}],"wp:attachment":[{"href":"https:\/\/www.nanchital.gob.mx\/wp-nanchital\/wp-json\/wp\/v2\/media?parent=9539"}],"wp:term":[{"taxonomy":"category","embeddable":true,"href":"https:\/\/www.nanchital.gob.mx\/wp-nanchital\/wp-json\/wp\/v2\/categories?post=9539"},{"taxonomy":"post_tag","embeddable":true,"href":"https:\/\/www.nanchital.gob.mx\/wp-nanchital\/wp-json\/wp\/v2\/tags?post=9539"}],"curies":[{"name":"wp","href":"https:\/\/api.w.org\/{rel}","templated":true}]}}