{"id":9535,"date":"2019-12-05T10:00:51","date_gmt":"2019-12-05T16:00:51","guid":{"rendered":"http:\/\/www.nanchital.gob.mx\/?p=9535"},"modified":"2019-12-05T10:00:51","modified_gmt":"2019-12-05T16:00:51","slug":"realizaran-carrera-de-tacones-morados","status":"publish","type":"post","link":"https:\/\/www.nanchital.gob.mx\/wp-nanchital\/realizaran-carrera-de-tacones-morados\/","title":{"rendered":"Realizar\u00e1n carrera de Tacones Morados"},"content":{"rendered":"<p>Con el objetivo de conmemorar el d\u00eda Internacional de la no violencia contra las mujeres el Gobierno Municipal que preside la Dra. Zoila Balderas Guzm\u00e1n en coordinaci\u00f3n con el Instituto Municipal de la Mujer, llevar\u00e1 a cabo la carrera de Tacones Morados, este lunes 25 de Noviembre a las 4 de la tarde. Por lo que se invita a todas las mujeres que deseen participar en esta actividad, a que acudan a la exfactor\u00eda, desde donde iniciar\u00e1 el recorrido del bulevar hasta llegar a la bodega de Protecci\u00f3n Civil ubicada a un costado de la Casa de Cultura. \u201cEstamos invitando a las mujeres para que lleven sus tacones, las ganadoras podr\u00e1n llevarse diversos premios donados a trav\u00e9s de los patrocinadores, como cambios de look, desayunos sorpresa y muchos regalos m\u00e1s\u201d coment\u00f3 Marcela Garc\u00eda S\u00e1nchez, Directora del Instituto Municipal de la Mujer.<\/p>\n<p>&nbsp;<\/p>\n<p><img decoding=\"async\" class=\"img\" src=\"https:\/\/scontent.fmtt1-1.fna.fbcdn.net\/v\/t1.15752-9\/78054696_2648537435368971_5770019160352358400_n.jpg?_nc_cat=107&amp;_nc_eui2=AeHHFW-gxYW_JBG7ZDnoREDTZ6zaqnTNOgBuDPd7baktQ1XFZQ8XFb9GVv2_zkKbecMFnq6OYKtjWP9vt2WG5RflaFVraCVDyCSLbYjixVvsGA&amp;_nc_ohc=jwWhY870AYEAQl5NXiWApsj7TBxxMFQemOY--QuT5QKdJnWcga0fxGq_w&amp;_nc_ht=scontent.fmtt1-1.fna&amp;oh=5e6729c2fc52b7c0c394738170ac884d&amp;oe=5E40836F\" alt=\"\" \/><\/p>\n","protected":false},"excerpt":{"rendered":"<p>Con el objetivo de conmemorar el d\u00eda Internacional de la no violencia contra las mujeres el Gobierno Municipal que preside la Dra. Zoila Balderas Guzm\u00e1n en coordinaci\u00f3n con el Instituto Municipal de la Mujer, llevar\u00e1 a cabo la carrera de Tacones Morados, este lunes 25 de Noviembre a las 4 de la tarde. Por lo&hellip; <br \/> <a class=\"read-more\" href=\"https:\/\/www.nanchital.gob.mx\/wp-nanchital\/realizaran-carrera-de-tacones-morados\/\">Leer m\u00e1s<\/a><\/p>\n","protected":false},"author":7,"featured_media":9537,"comment_status":"closed","ping_status":"closed","sticky":false,"template":"","format":"standard","meta":{"footnotes":""},"categories":[4],"tags":[],"class_list":["post-9535","post","type-post","status-publish","format-standard","has-post-thumbnail","hentry","category-noticias"],"_links":{"self":[{"href":"https:\/\/www.nanchital.gob.mx\/wp-nanchital\/wp-json\/wp\/v2\/posts\/9535","targetHints":{"allow":["GET"]}}],"collection":[{"href":"https:\/\/www.nanchital.gob.mx\/wp-nanchital\/wp-json\/wp\/v2\/posts"}],"about":[{"href":"https:\/\/www.nanchital.gob.mx\/wp-nanchital\/wp-json\/wp\/v2\/types\/post"}],"author":[{"embeddable":true,"href":"https:\/\/www.nanchital.gob.mx\/wp-nanchital\/wp-json\/wp\/v2\/users\/7"}],"replies":[{"embeddable":true,"href":"https:\/\/www.nanchital.gob.mx\/wp-nanchital\/wp-json\/wp\/v2\/comments?post=9535"}],"version-history":[{"count":1,"href":"https:\/\/www.nanchital.gob.mx\/wp-nanchital\/wp-json\/wp\/v2\/posts\/9535\/revisions"}],"predecessor-version":[{"id":9538,"href":"https:\/\/www.nanchital.gob.mx\/wp-nanchital\/wp-json\/wp\/v2\/posts\/9535\/revisions\/9538"}],"wp:featuredmedia":[{"embeddable":true,"href":"https:\/\/www.nanchital.gob.mx\/wp-nanchital\/wp-json\/wp\/v2\/media\/9537"}],"wp:attachment":[{"href":"https:\/\/www.nanchital.gob.mx\/wp-nanchital\/wp-json\/wp\/v2\/media?parent=9535"}],"wp:term":[{"taxonomy":"category","embeddable":true,"href":"https:\/\/www.nanchital.gob.mx\/wp-nanchital\/wp-json\/wp\/v2\/categories?post=9535"},{"taxonomy":"post_tag","embeddable":true,"href":"https:\/\/www.nanchital.gob.mx\/wp-nanchital\/wp-json\/wp\/v2\/tags?post=9535"}],"curies":[{"name":"wp","href":"https:\/\/api.w.org\/{rel}","templated":true}]}}