{"id":9531,"date":"2019-12-05T09:55:57","date_gmt":"2019-12-05T15:55:57","guid":{"rendered":"http:\/\/www.nanchital.gob.mx\/?p=9531"},"modified":"2019-12-05T09:55:57","modified_gmt":"2019-12-05T15:55:57","slug":"se-entregan-obras-en-la-secundaria-general-18-de-marzo","status":"publish","type":"post","link":"https:\/\/www.nanchital.gob.mx\/wp-nanchital\/se-entregan-obras-en-la-secundaria-general-18-de-marzo\/","title":{"rendered":"Se entregan obras en la Secundaria General 18 de marzo"},"content":{"rendered":"<p>El Gobierno Municipal que encabeza la Dra. Zoila Balderas Guzm\u00e1n, entreg\u00f3 a la comunidad estudiantil de la Secundaria General 18 de Marzo dos obras importantes tanto para la seguridad y resguardo de los alumnos, como para la mejora del desempe\u00f1o escolar. La primera obra terminada fue el p\u00f3rtico de la entrada de la instituci\u00f3n y posteriormente la construcci\u00f3n de la losa de dos salones que ten\u00edan un techo de l\u00e1mina de asbesto con m\u00e1s de 20 a\u00f1os de uso. \u201cMe complace estar hoy con ustedes para hacer esta entrega de obras que beneficiar\u00e1 a todos, dando respuesta a la solicitud hecha por el profesor Leonel \u00c1lvarez Enr\u00edquez, con la construcci\u00f3n de este p\u00f3rtico donde podr\u00e1n resguardarse de las inclemencias del tiempo, adem\u00e1s de 134 metros cuadrados de losa de dos aulas que proporcionar\u00e1n un \u00e1rea adecuada para seguir aprendiendo\u201d coment\u00f3 la alcaldesa Dra. Zoila Balderas Guzm\u00e1n.<\/p>\n<p><img decoding=\"async\" class=\"img\" src=\"https:\/\/scontent.fmtt1-1.fna.fbcdn.net\/v\/t1.15752-9\/s2048x2048\/78863205_444478179778897_4283004712569012224_n.jpg?_nc_cat=100&amp;_nc_eui2=AeGCMR8osPNEdwDIkwvFoeBrowcQsx27Q87GBkzz5MXj98yHTxbPs2t0GLGTMh_479O0RfyirjmrXxzem4e5PXMCk-nIIHrp2gVkUrETBu6FQw&amp;_nc_ohc=GP9ZdKqlVCkAQm5pz6dw9ZbDjj3krW8ns_HuQIseFwi1b-J9GNw-BA2Fw&amp;_nc_ht=scontent.fmtt1-1.fna&amp;oh=05d83ba453d4382d96feac4a6b3eb7f5&amp;oe=5E7B323D\" alt=\"\" \/><\/p>\n","protected":false},"excerpt":{"rendered":"<p>El Gobierno Municipal que encabeza la Dra. Zoila Balderas Guzm\u00e1n, entreg\u00f3 a la comunidad estudiantil de la Secundaria General 18 de Marzo dos obras importantes tanto para la seguridad y resguardo de los alumnos, como para la mejora del desempe\u00f1o escolar. La primera obra terminada fue el p\u00f3rtico de la entrada de la instituci\u00f3n y&hellip; <br \/> <a class=\"read-more\" href=\"https:\/\/www.nanchital.gob.mx\/wp-nanchital\/se-entregan-obras-en-la-secundaria-general-18-de-marzo\/\">Leer m\u00e1s<\/a><\/p>\n","protected":false},"author":7,"featured_media":9533,"comment_status":"closed","ping_status":"closed","sticky":false,"template":"","format":"standard","meta":{"footnotes":""},"categories":[4],"tags":[],"class_list":["post-9531","post","type-post","status-publish","format-standard","has-post-thumbnail","hentry","category-noticias"],"_links":{"self":[{"href":"https:\/\/www.nanchital.gob.mx\/wp-nanchital\/wp-json\/wp\/v2\/posts\/9531","targetHints":{"allow":["GET"]}}],"collection":[{"href":"https:\/\/www.nanchital.gob.mx\/wp-nanchital\/wp-json\/wp\/v2\/posts"}],"about":[{"href":"https:\/\/www.nanchital.gob.mx\/wp-nanchital\/wp-json\/wp\/v2\/types\/post"}],"author":[{"embeddable":true,"href":"https:\/\/www.nanchital.gob.mx\/wp-nanchital\/wp-json\/wp\/v2\/users\/7"}],"replies":[{"embeddable":true,"href":"https:\/\/www.nanchital.gob.mx\/wp-nanchital\/wp-json\/wp\/v2\/comments?post=9531"}],"version-history":[{"count":1,"href":"https:\/\/www.nanchital.gob.mx\/wp-nanchital\/wp-json\/wp\/v2\/posts\/9531\/revisions"}],"predecessor-version":[{"id":9534,"href":"https:\/\/www.nanchital.gob.mx\/wp-nanchital\/wp-json\/wp\/v2\/posts\/9531\/revisions\/9534"}],"wp:featuredmedia":[{"embeddable":true,"href":"https:\/\/www.nanchital.gob.mx\/wp-nanchital\/wp-json\/wp\/v2\/media\/9533"}],"wp:attachment":[{"href":"https:\/\/www.nanchital.gob.mx\/wp-nanchital\/wp-json\/wp\/v2\/media?parent=9531"}],"wp:term":[{"taxonomy":"category","embeddable":true,"href":"https:\/\/www.nanchital.gob.mx\/wp-nanchital\/wp-json\/wp\/v2\/categories?post=9531"},{"taxonomy":"post_tag","embeddable":true,"href":"https:\/\/www.nanchital.gob.mx\/wp-nanchital\/wp-json\/wp\/v2\/tags?post=9531"}],"curies":[{"name":"wp","href":"https:\/\/api.w.org\/{rel}","templated":true}]}}