{"id":9523,"date":"2019-12-05T09:52:35","date_gmt":"2019-12-05T15:52:35","guid":{"rendered":"http:\/\/www.nanchital.gob.mx\/?p=9523"},"modified":"2019-12-05T09:52:35","modified_gmt":"2019-12-05T15:52:35","slug":"toma-protesta-nueva-regidora-tercera","status":"publish","type":"post","link":"https:\/\/www.nanchital.gob.mx\/wp-nanchital\/toma-protesta-nueva-regidora-tercera\/","title":{"rendered":"Toma protesta nueva Regidora Tercera"},"content":{"rendered":"<p>Derivado del fallecimiento de la ciudadana Angelina Pang Aniceto y en cumplimiento a lo establecido por la Ley, se realiz\u00f3 la toma de protesta de la profesora Irasema Campos Pang como Regidora Tercera del H. Ayuntamiento de Nanchital. En el acto, el cuerpo edilicio en pleno fungi\u00f3 como testigo en la lectura del acta que la alcaldesa Dra. Zoila Balderas Guzm\u00e1n realiz\u00f3 para cumplir con lo estipulado en el protocolo de nombramiento para la edil, quien tendr\u00e1 las comisiones de hacienda y patrimonio municipal, fomento agropecuario, ornato, parques, jardines, alumbrado, turismo, fomento forestal, ecolog\u00eda y medio ambiente, limpia p\u00fablica y panteones.<\/p>\n<p><img decoding=\"async\" class=\"img\" src=\"https:\/\/scontent.fmtt1-1.fna.fbcdn.net\/v\/t1.15752-9\/s2048x2048\/74170511_540714156660511_2981435051272568832_n.jpg?_nc_cat=100&amp;_nc_eui2=AeF1eg3pq0OZ8AiFflFyvC21i_2qlyxj0NV65237uiYb45nGSsInDETRDUd1GxDO-rJitdKPv62xmt2ISqNdho6r87CypKq__b9w6t46jGag_w&amp;_nc_ohc=mjUxPn2-SJsAQkYNB0vdthfVzEpug9n3FuEcvHO-sYK4CqLNGKD69CW3A&amp;_nc_ht=scontent.fmtt1-1.fna&amp;oh=46d4980f093b196fd6e5812a0d8c2de3&amp;oe=5E8A9AF3\" alt=\"\" \/><\/p>\n","protected":false},"excerpt":{"rendered":"<p>Derivado del fallecimiento de la ciudadana Angelina Pang Aniceto y en cumplimiento a lo establecido por la Ley, se realiz\u00f3 la toma de protesta de la profesora Irasema Campos Pang como Regidora Tercera del H. Ayuntamiento de Nanchital. En el acto, el cuerpo edilicio en pleno fungi\u00f3 como testigo en la lectura del acta que&hellip; <br \/> <a class=\"read-more\" href=\"https:\/\/www.nanchital.gob.mx\/wp-nanchital\/toma-protesta-nueva-regidora-tercera\/\">Leer m\u00e1s<\/a><\/p>\n","protected":false},"author":7,"featured_media":9525,"comment_status":"closed","ping_status":"closed","sticky":false,"template":"","format":"standard","meta":{"footnotes":""},"categories":[4],"tags":[],"class_list":["post-9523","post","type-post","status-publish","format-standard","has-post-thumbnail","hentry","category-noticias"],"_links":{"self":[{"href":"https:\/\/www.nanchital.gob.mx\/wp-nanchital\/wp-json\/wp\/v2\/posts\/9523","targetHints":{"allow":["GET"]}}],"collection":[{"href":"https:\/\/www.nanchital.gob.mx\/wp-nanchital\/wp-json\/wp\/v2\/posts"}],"about":[{"href":"https:\/\/www.nanchital.gob.mx\/wp-nanchital\/wp-json\/wp\/v2\/types\/post"}],"author":[{"embeddable":true,"href":"https:\/\/www.nanchital.gob.mx\/wp-nanchital\/wp-json\/wp\/v2\/users\/7"}],"replies":[{"embeddable":true,"href":"https:\/\/www.nanchital.gob.mx\/wp-nanchital\/wp-json\/wp\/v2\/comments?post=9523"}],"version-history":[{"count":1,"href":"https:\/\/www.nanchital.gob.mx\/wp-nanchital\/wp-json\/wp\/v2\/posts\/9523\/revisions"}],"predecessor-version":[{"id":9526,"href":"https:\/\/www.nanchital.gob.mx\/wp-nanchital\/wp-json\/wp\/v2\/posts\/9523\/revisions\/9526"}],"wp:featuredmedia":[{"embeddable":true,"href":"https:\/\/www.nanchital.gob.mx\/wp-nanchital\/wp-json\/wp\/v2\/media\/9525"}],"wp:attachment":[{"href":"https:\/\/www.nanchital.gob.mx\/wp-nanchital\/wp-json\/wp\/v2\/media?parent=9523"}],"wp:term":[{"taxonomy":"category","embeddable":true,"href":"https:\/\/www.nanchital.gob.mx\/wp-nanchital\/wp-json\/wp\/v2\/categories?post=9523"},{"taxonomy":"post_tag","embeddable":true,"href":"https:\/\/www.nanchital.gob.mx\/wp-nanchital\/wp-json\/wp\/v2\/tags?post=9523"}],"curies":[{"name":"wp","href":"https:\/\/api.w.org\/{rel}","templated":true}]}}