{"id":9439,"date":"2019-11-13T10:57:59","date_gmt":"2019-11-13T16:57:59","guid":{"rendered":"http:\/\/www.nanchital.gob.mx\/?p=9439"},"modified":"2019-11-13T10:57:59","modified_gmt":"2019-11-13T16:57:59","slug":"presentaran-cuentacuentos-en-pollo-de-oro","status":"publish","type":"post","link":"https:\/\/www.nanchital.gob.mx\/wp-nanchital\/presentaran-cuentacuentos-en-pollo-de-oro\/","title":{"rendered":"Presentar\u00e1n cuentacuentos en Pollo de Oro"},"content":{"rendered":"<p>Gracias a la colaboraci\u00f3n entre el Gobierno de Nanchital que preside la Dra. Zoila Balderas Guzm\u00e1n y el Instituto Veracruzano de Cultura, el pr\u00f3ximo domingo 17 de noviembre a las 12 horas se presentar\u00e1 el cuentacuentos Iv\u00e1n Zepeda Vald\u00e9s en la primaria Mariano Matamoros de la Congregaci\u00f3n Pollo de Oro. En esta ocasi\u00f3n el \u201ccuentero cordob\u00e9s\u201d deleitar\u00e1 a los peque\u00f1os con el compendio de historias titulado \u201cPedacito de patria que sabe re\u00edr y contar\u201d en el que se invita al p\u00fablico a hacer un viaje imaginario por el estado de Veracruz en el cual podr\u00e1n admirar la belleza de La Mulata de C\u00f3rdoba, conocer al travieso Talinmaxka y al astuto Homshuk y escuchar el lamento de la temida llorona. \u201cPara nuestra alcaldesa, la Dra. Zoila Balderas Guzm\u00e1n, es importante acercar a los ni\u00f1os de Nanchital espect\u00e1culos formativos como \u00e9stos, por ello decidimos realizarlo en la Congregaci\u00f3n Pollo de Oro\u201d coment\u00f3 Sandra Lidia Islas Medina, titular de Casa de Cultura.<\/p>\n<p><img fetchpriority=\"high\" decoding=\"async\" class=\"irc_mi aligncenter\" src=\"https:\/\/i.ytimg.com\/vi\/UeOrVdJPH-o\/maxresdefault.jpg\" alt=\"Resultado de imagen para ivan zepeda cuentacuentos\" width=\"651\" height=\"438\" \/><\/p>\n","protected":false},"excerpt":{"rendered":"<p>Gracias a la colaboraci\u00f3n entre el Gobierno de Nanchital que preside la Dra. Zoila Balderas Guzm\u00e1n y el Instituto Veracruzano de Cultura, el pr\u00f3ximo domingo 17 de noviembre a las 12 horas se presentar\u00e1 el cuentacuentos Iv\u00e1n Zepeda Vald\u00e9s en la primaria Mariano Matamoros de la Congregaci\u00f3n Pollo de Oro. En esta ocasi\u00f3n el \u201ccuentero&hellip; <br \/> <a class=\"read-more\" href=\"https:\/\/www.nanchital.gob.mx\/wp-nanchital\/presentaran-cuentacuentos-en-pollo-de-oro\/\">Leer m\u00e1s<\/a><\/p>\n","protected":false},"author":7,"featured_media":9442,"comment_status":"closed","ping_status":"closed","sticky":false,"template":"","format":"standard","meta":{"footnotes":""},"categories":[4],"tags":[],"class_list":["post-9439","post","type-post","status-publish","format-standard","has-post-thumbnail","hentry","category-noticias"],"_links":{"self":[{"href":"https:\/\/www.nanchital.gob.mx\/wp-nanchital\/wp-json\/wp\/v2\/posts\/9439","targetHints":{"allow":["GET"]}}],"collection":[{"href":"https:\/\/www.nanchital.gob.mx\/wp-nanchital\/wp-json\/wp\/v2\/posts"}],"about":[{"href":"https:\/\/www.nanchital.gob.mx\/wp-nanchital\/wp-json\/wp\/v2\/types\/post"}],"author":[{"embeddable":true,"href":"https:\/\/www.nanchital.gob.mx\/wp-nanchital\/wp-json\/wp\/v2\/users\/7"}],"replies":[{"embeddable":true,"href":"https:\/\/www.nanchital.gob.mx\/wp-nanchital\/wp-json\/wp\/v2\/comments?post=9439"}],"version-history":[{"count":1,"href":"https:\/\/www.nanchital.gob.mx\/wp-nanchital\/wp-json\/wp\/v2\/posts\/9439\/revisions"}],"predecessor-version":[{"id":9443,"href":"https:\/\/www.nanchital.gob.mx\/wp-nanchital\/wp-json\/wp\/v2\/posts\/9439\/revisions\/9443"}],"wp:featuredmedia":[{"embeddable":true,"href":"https:\/\/www.nanchital.gob.mx\/wp-nanchital\/wp-json\/wp\/v2\/media\/9442"}],"wp:attachment":[{"href":"https:\/\/www.nanchital.gob.mx\/wp-nanchital\/wp-json\/wp\/v2\/media?parent=9439"}],"wp:term":[{"taxonomy":"category","embeddable":true,"href":"https:\/\/www.nanchital.gob.mx\/wp-nanchital\/wp-json\/wp\/v2\/categories?post=9439"},{"taxonomy":"post_tag","embeddable":true,"href":"https:\/\/www.nanchital.gob.mx\/wp-nanchital\/wp-json\/wp\/v2\/tags?post=9439"}],"curies":[{"name":"wp","href":"https:\/\/api.w.org\/{rel}","templated":true}]}}