{"id":9431,"date":"2019-11-13T08:41:06","date_gmt":"2019-11-13T14:41:06","guid":{"rendered":"http:\/\/www.nanchital.gob.mx\/?p=9431"},"modified":"2019-11-13T08:41:06","modified_gmt":"2019-11-13T14:41:06","slug":"se-invita-a-vecinos-a-limpiar-sus-predios","status":"publish","type":"post","link":"https:\/\/www.nanchital.gob.mx\/wp-nanchital\/se-invita-a-vecinos-a-limpiar-sus-predios\/","title":{"rendered":"Se invita a vecinos a limpiar sus predios"},"content":{"rendered":"<p>Como parte de una campa\u00f1a permanente, el Gobierno Municipal que preside la Dra. Zoila Balderas Guzm\u00e1n, contin\u00faa invitando a los habitantes del municipio a que contribuyan a la limpieza y mantenimiento de sus predios para evitar problemas a los vecinos de los mismos. Con el aseo y poda de los terrenos sin ocupar, se previenen problemas de seguridad, criaderos de animales ponzo\u00f1osos y del mosquito transmisor de enfermedades mortales como el Dengue, Zika y Chikungunya. \u201cNos preocupa que la gente no cuide sus propiedades, eso adem\u00e1s de la molestia que genera a sus vecinos, resulta en una fuente de problemas de salud y de seguridad en las colonias, por ello invitamos a los due\u00f1os de los terrenos a mantenerlos limpios y acercarse al Ayuntamiento para ver la manera de apoyarles a la limpieza a bajo costo\u201d coment\u00f3 la alcaldesa Dra. Zoila Balderas Guzm\u00e1n.<\/p>\n<p><img decoding=\"async\" class=\"img\" src=\"https:\/\/scontent.fmtt1-1.fna.fbcdn.net\/v\/t1.15752-9\/s2048x2048\/71782713_2473527302694514_5916663817877585920_n.jpg?_nc_cat=110&amp;_nc_eui2=AeGz8ITWaS0-js6rrEWYPE-OphrWsNsNOFQW-XeZbHMm2DWKaJvGtqvC7hQklt0XZG9v1jtN_OejxsGkVteW9eWjMeUTU3aSLTttRHCOv4Lcew&amp;_nc_oc=AQngqSK3jMOXrefGZ59SiseOUDaHW2R77-1G0mMoH6r2PN2mcqSfYvFnbTSZnQCfYnVzEeyLas0m8_igGxTk9PHF&amp;_nc_ht=scontent.fmtt1-1.fna&amp;oh=bf2bb307a5071b525d826f5501c1f621&amp;oe=5E48BDBA\" alt=\"\" \/><\/p>\n","protected":false},"excerpt":{"rendered":"<p>Como parte de una campa\u00f1a permanente, el Gobierno Municipal que preside la Dra. Zoila Balderas Guzm\u00e1n, contin\u00faa invitando a los habitantes del municipio a que contribuyan a la limpieza y mantenimiento de sus predios para evitar problemas a los vecinos de los mismos. Con el aseo y poda de los terrenos sin ocupar, se previenen&hellip; <br \/> <a class=\"read-more\" href=\"https:\/\/www.nanchital.gob.mx\/wp-nanchital\/se-invita-a-vecinos-a-limpiar-sus-predios\/\">Leer m\u00e1s<\/a><\/p>\n","protected":false},"author":7,"featured_media":9433,"comment_status":"closed","ping_status":"closed","sticky":false,"template":"","format":"standard","meta":{"footnotes":""},"categories":[4],"tags":[],"class_list":["post-9431","post","type-post","status-publish","format-standard","has-post-thumbnail","hentry","category-noticias"],"_links":{"self":[{"href":"https:\/\/www.nanchital.gob.mx\/wp-nanchital\/wp-json\/wp\/v2\/posts\/9431","targetHints":{"allow":["GET"]}}],"collection":[{"href":"https:\/\/www.nanchital.gob.mx\/wp-nanchital\/wp-json\/wp\/v2\/posts"}],"about":[{"href":"https:\/\/www.nanchital.gob.mx\/wp-nanchital\/wp-json\/wp\/v2\/types\/post"}],"author":[{"embeddable":true,"href":"https:\/\/www.nanchital.gob.mx\/wp-nanchital\/wp-json\/wp\/v2\/users\/7"}],"replies":[{"embeddable":true,"href":"https:\/\/www.nanchital.gob.mx\/wp-nanchital\/wp-json\/wp\/v2\/comments?post=9431"}],"version-history":[{"count":1,"href":"https:\/\/www.nanchital.gob.mx\/wp-nanchital\/wp-json\/wp\/v2\/posts\/9431\/revisions"}],"predecessor-version":[{"id":9434,"href":"https:\/\/www.nanchital.gob.mx\/wp-nanchital\/wp-json\/wp\/v2\/posts\/9431\/revisions\/9434"}],"wp:featuredmedia":[{"embeddable":true,"href":"https:\/\/www.nanchital.gob.mx\/wp-nanchital\/wp-json\/wp\/v2\/media\/9433"}],"wp:attachment":[{"href":"https:\/\/www.nanchital.gob.mx\/wp-nanchital\/wp-json\/wp\/v2\/media?parent=9431"}],"wp:term":[{"taxonomy":"category","embeddable":true,"href":"https:\/\/www.nanchital.gob.mx\/wp-nanchital\/wp-json\/wp\/v2\/categories?post=9431"},{"taxonomy":"post_tag","embeddable":true,"href":"https:\/\/www.nanchital.gob.mx\/wp-nanchital\/wp-json\/wp\/v2\/tags?post=9431"}],"curies":[{"name":"wp","href":"https:\/\/api.w.org\/{rel}","templated":true}]}}