{"id":9413,"date":"2019-11-11T12:47:04","date_gmt":"2019-11-11T18:47:04","guid":{"rendered":"http:\/\/www.nanchital.gob.mx\/?p=9413"},"modified":"2019-11-11T12:53:41","modified_gmt":"2019-11-11T18:53:41","slug":"se-entrega-obra-de-rehabilitacion-de-drenaje-en-la-guadalupe-tepeyac-2","status":"publish","type":"post","link":"https:\/\/www.nanchital.gob.mx\/wp-nanchital\/se-entrega-obra-de-rehabilitacion-de-drenaje-en-la-guadalupe-tepeyac-2\/","title":{"rendered":"Se capacita a servidores p\u00fablicos en Derechos Humanos"},"content":{"rendered":"<p>El Gobierno Municipal que encabeza la Dra. Zoila Balderas Guzm\u00e1n en coordinaci\u00f3n con la Comisi\u00f3n Estatal de Derechos Humanos, brind\u00f3 un curso de capacitaci\u00f3n a servidores p\u00fablicos con el tema \u201cDerechos Humanos en M\u00e9xico\u201d. Este primer curso inicia una serie de 7 temas con los que se capacitar\u00e1 a los funcionarios municipales en temas como: derecho a la igualdad y no discriminaci\u00f3n, derechos humanos y g\u00e9nero, entre otros, que se estar\u00e1n impartiendo a lo largo de la administraci\u00f3n municipal. \u201cEs importante que como parte de las obligaciones del Estado, los funcionarios reciban capacitaci\u00f3n para cumplir con las disposiciones sobre derechos humanos y contribuir al respeto, prevenci\u00f3n, difusi\u00f3n de los derechos inherentes a todos los habitantes de su municipio\u201d coment\u00f3 la Mtra. Ang\u00e9lica Laos Valente Delegada Regional de la CEDH.<\/p>\n<p><img decoding=\"async\" class=\"img\" src=\"https:\/\/scontent.fmtt1-1.fna.fbcdn.net\/v\/t1.15752-9\/s2048x2048\/73498039_539226203530166_7341471131871739904_n.jpg?_nc_cat=110&amp;_nc_oc=AQlDYOX1GiUQg12fljZyWCDBFLNzHKBXhPZHTRSkSO3GGSOfh_M2XQaP29zA7xz--mmAIovmp-GfKpR3DENnMqnU&amp;_nc_ht=scontent.fmtt1-1.fna&amp;oh=4eb6e8e108615074420e432cfad9b006&amp;oe=5E4FEF58\" alt=\"\" \/><\/p>\n","protected":false},"excerpt":{"rendered":"<p>El Gobierno Municipal que encabeza la Dra. Zoila Balderas Guzm\u00e1n en coordinaci\u00f3n con la Comisi\u00f3n Estatal de Derechos Humanos, brind\u00f3 un curso de capacitaci\u00f3n a servidores p\u00fablicos con el tema \u201cDerechos Humanos en M\u00e9xico\u201d. Este primer curso inicia una serie de 7 temas con los que se capacitar\u00e1 a los funcionarios municipales en temas como:&hellip; <br \/> <a class=\"read-more\" href=\"https:\/\/www.nanchital.gob.mx\/wp-nanchital\/se-entrega-obra-de-rehabilitacion-de-drenaje-en-la-guadalupe-tepeyac-2\/\">Leer m\u00e1s<\/a><\/p>\n","protected":false},"author":7,"featured_media":9417,"comment_status":"closed","ping_status":"closed","sticky":false,"template":"","format":"standard","meta":{"footnotes":""},"categories":[4],"tags":[],"class_list":["post-9413","post","type-post","status-publish","format-standard","has-post-thumbnail","hentry","category-noticias"],"_links":{"self":[{"href":"https:\/\/www.nanchital.gob.mx\/wp-nanchital\/wp-json\/wp\/v2\/posts\/9413","targetHints":{"allow":["GET"]}}],"collection":[{"href":"https:\/\/www.nanchital.gob.mx\/wp-nanchital\/wp-json\/wp\/v2\/posts"}],"about":[{"href":"https:\/\/www.nanchital.gob.mx\/wp-nanchital\/wp-json\/wp\/v2\/types\/post"}],"author":[{"embeddable":true,"href":"https:\/\/www.nanchital.gob.mx\/wp-nanchital\/wp-json\/wp\/v2\/users\/7"}],"replies":[{"embeddable":true,"href":"https:\/\/www.nanchital.gob.mx\/wp-nanchital\/wp-json\/wp\/v2\/comments?post=9413"}],"version-history":[{"count":4,"href":"https:\/\/www.nanchital.gob.mx\/wp-nanchital\/wp-json\/wp\/v2\/posts\/9413\/revisions"}],"predecessor-version":[{"id":9423,"href":"https:\/\/www.nanchital.gob.mx\/wp-nanchital\/wp-json\/wp\/v2\/posts\/9413\/revisions\/9423"}],"wp:featuredmedia":[{"embeddable":true,"href":"https:\/\/www.nanchital.gob.mx\/wp-nanchital\/wp-json\/wp\/v2\/media\/9417"}],"wp:attachment":[{"href":"https:\/\/www.nanchital.gob.mx\/wp-nanchital\/wp-json\/wp\/v2\/media?parent=9413"}],"wp:term":[{"taxonomy":"category","embeddable":true,"href":"https:\/\/www.nanchital.gob.mx\/wp-nanchital\/wp-json\/wp\/v2\/categories?post=9413"},{"taxonomy":"post_tag","embeddable":true,"href":"https:\/\/www.nanchital.gob.mx\/wp-nanchital\/wp-json\/wp\/v2\/tags?post=9413"}],"curies":[{"name":"wp","href":"https:\/\/api.w.org\/{rel}","templated":true}]}}