{"id":9327,"date":"2019-11-05T10:58:29","date_gmt":"2019-11-05T16:58:29","guid":{"rendered":"http:\/\/www.nanchital.gob.mx\/?p=9327"},"modified":"2019-11-05T10:58:29","modified_gmt":"2019-11-05T16:58:29","slug":"en-nanchital-se-conmemora-el-dia-de-muertos","status":"publish","type":"post","link":"https:\/\/www.nanchital.gob.mx\/wp-nanchital\/en-nanchital-se-conmemora-el-dia-de-muertos\/","title":{"rendered":"En Nanchital se conmemora el D\u00eda de Muertos"},"content":{"rendered":"<p>Fiel a la tradici\u00f3n mexicana, con mucho color y respeto, el Gobierno Municipal que preside la Dra. Zoila Balderas Guzm\u00e1n, realiz\u00f3 diferentes actividades para conmemorar el d\u00eda de Muertos en el municipio de Nanchital. Dentro de los eventos se llev\u00f3 a cabo el rezo en bajos del Palacio Municipal, a quienes fue dedicado el altar, en el que se brind\u00f3 un espacio a la Regidora Tercera Angelina Pang Aniceto (QEPD), a familiares de trabajadores del Ayuntamiento y a otras personas del municipio, con una tem\u00e1tica del Estado de Veracruz, actividad en la que se obsequi\u00f3 champurrado y tamales a los asistentes, quienes disfrutaron del grupo de son de la Universidad Tecnol\u00f3gica del Sureste de Veracruz. Cabe destacar que en todo el parque Ju\u00e1rez se distribuyeron catrinas realizadas por alumnos de la Universidad Popular Aut\u00f3noma de Veracruz (UPAV) y se coloc\u00f3 un set central para fotograf\u00edas del recuerdo. Por otro lado en el Pante\u00f3n Tepeyac, se contin\u00fao con el mural en la barda perimetral que se comenz\u00f3 el a\u00f1o pasado, en est\u00e1 ocasi\u00f3n realizado por el Colectivo de artistas urbanos \u201cSon del Sur\u201d y tambi\u00e9n se present\u00f3 el altar del Estado de Oaxaca, en el que se dedic\u00f3 una ofrenda a diferentes ciudadanos del municipio. El programa cultural del DIF Municipal y Euforia Dance no se pudo llevar a cabo por las inclemencias del tiempo, sin embargo, ser\u00e1 agendado para el pr\u00f3ximo fin de semana.<\/p>\n<p><img decoding=\"async\" class=\"img\" src=\"https:\/\/scontent.fmtt1-1.fna.fbcdn.net\/v\/t1.15752-9\/s2048x2048\/76769692_3021330864548091_2854022436960075776_n.jpg?_nc_cat=111&amp;_nc_oc=AQmcFU3MNf-DCDGZQ9siMHaOkNcIEo2xrHB_UEHaYEQJtqv6xST-zaP9G4KWRPl_9rY&amp;_nc_ht=scontent.fmtt1-1.fna&amp;oh=b9e256aafb7ab97afdfed83fea1d967e&amp;oe=5E526B8C\" alt=\"\" \/><\/p>\n","protected":false},"excerpt":{"rendered":"<p>Fiel a la tradici\u00f3n mexicana, con mucho color y respeto, el Gobierno Municipal que preside la Dra. Zoila Balderas Guzm\u00e1n, realiz\u00f3 diferentes actividades para conmemorar el d\u00eda de Muertos en el municipio de Nanchital. Dentro de los eventos se llev\u00f3 a cabo el rezo en bajos del Palacio Municipal, a quienes fue dedicado el altar,&hellip; <br \/> <a class=\"read-more\" href=\"https:\/\/www.nanchital.gob.mx\/wp-nanchital\/en-nanchital-se-conmemora-el-dia-de-muertos\/\">Leer m\u00e1s<\/a><\/p>\n","protected":false},"author":7,"featured_media":9329,"comment_status":"closed","ping_status":"closed","sticky":false,"template":"","format":"standard","meta":{"footnotes":""},"categories":[4],"tags":[],"class_list":["post-9327","post","type-post","status-publish","format-standard","has-post-thumbnail","hentry","category-noticias"],"_links":{"self":[{"href":"https:\/\/www.nanchital.gob.mx\/wp-nanchital\/wp-json\/wp\/v2\/posts\/9327","targetHints":{"allow":["GET"]}}],"collection":[{"href":"https:\/\/www.nanchital.gob.mx\/wp-nanchital\/wp-json\/wp\/v2\/posts"}],"about":[{"href":"https:\/\/www.nanchital.gob.mx\/wp-nanchital\/wp-json\/wp\/v2\/types\/post"}],"author":[{"embeddable":true,"href":"https:\/\/www.nanchital.gob.mx\/wp-nanchital\/wp-json\/wp\/v2\/users\/7"}],"replies":[{"embeddable":true,"href":"https:\/\/www.nanchital.gob.mx\/wp-nanchital\/wp-json\/wp\/v2\/comments?post=9327"}],"version-history":[{"count":1,"href":"https:\/\/www.nanchital.gob.mx\/wp-nanchital\/wp-json\/wp\/v2\/posts\/9327\/revisions"}],"predecessor-version":[{"id":9330,"href":"https:\/\/www.nanchital.gob.mx\/wp-nanchital\/wp-json\/wp\/v2\/posts\/9327\/revisions\/9330"}],"wp:featuredmedia":[{"embeddable":true,"href":"https:\/\/www.nanchital.gob.mx\/wp-nanchital\/wp-json\/wp\/v2\/media\/9329"}],"wp:attachment":[{"href":"https:\/\/www.nanchital.gob.mx\/wp-nanchital\/wp-json\/wp\/v2\/media?parent=9327"}],"wp:term":[{"taxonomy":"category","embeddable":true,"href":"https:\/\/www.nanchital.gob.mx\/wp-nanchital\/wp-json\/wp\/v2\/categories?post=9327"},{"taxonomy":"post_tag","embeddable":true,"href":"https:\/\/www.nanchital.gob.mx\/wp-nanchital\/wp-json\/wp\/v2\/tags?post=9327"}],"curies":[{"name":"wp","href":"https:\/\/api.w.org\/{rel}","templated":true}]}}