{"id":9185,"date":"2019-10-29T13:37:57","date_gmt":"2019-10-29T19:37:57","guid":{"rendered":"http:\/\/www.nanchital.gob.mx\/?p=9185"},"modified":"2019-10-29T13:37:57","modified_gmt":"2019-10-29T19:37:57","slug":"gran-participacion-en-la-ruta-olmeca-agua-dulce-nanchital-2019","status":"publish","type":"post","link":"https:\/\/www.nanchital.gob.mx\/wp-nanchital\/gran-participacion-en-la-ruta-olmeca-agua-dulce-nanchital-2019\/","title":{"rendered":"Gran participaci\u00f3n en la Ruta Olmeca Agua Dulce Nanchital 2019"},"content":{"rendered":"<p>Con la presencia de ciclistas de Agua Dulce, Nanchital, Minatitl\u00e1n, Coatzacoalcos, Las Choapas, Catemaco, Villahermosa, Oluta y otros municipios, se realiz\u00f3 la primera carrera Ruta Olmeca Agua Dulce-Nanchital, en un esfuerzo coordinado entre el Gobierno de Nanchital que preside la Dra. Zoila Balderas Guzm\u00e1n y el de Agua Dulce encabezado por el Lic. Sergio Guzm\u00e1n Ric\u00e1rdez. Con la presencia del Presidente de la Asociaci\u00f3n de Ciclismo de Veracruz, Reynaldo Gonz\u00e1lez Notario se tuvo el respaldo oficial para que los competidores participaran en este evento \u00fanico en la regi\u00f3n y que hermana a los municipios de Agua Dulce y Nanchital. \u201cEstamos muy contentos de recibir a los competidores y de trabajar de la mano con mi amigo el alcalde de Agua Dulce, Lic. Sergio Guzm\u00e1n Ric\u00e1rdez, de seguir promoviendo el deporte en nuestro municipio y de que Nanchital sea reconocido como un lugar en el que se hagan eventos deportivos importantes\u201d afirm\u00f3 la alcaldesa Dra. Zoila Balderas Guzm\u00e1n.<\/p>\n<p><img decoding=\"async\" class=\"img\" src=\"https:\/\/scontent.fmtt1-1.fna.fbcdn.net\/v\/t1.15752-9\/s2048x2048\/75388370_1015867608805471_6950983945248833536_n.jpg?_nc_cat=110&amp;_nc_oc=AQnKUTz9iCgX_osEKfPmjCf7KHyIZegKtszFSsUc63tQJYoEnHW8PmCSpNRWD7TSiVI&amp;_nc_ht=scontent.fmtt1-1.fna&amp;oh=da21ee0f9871807c76c5a09278f1d6ea&amp;oe=5E216B22\" alt=\"\" \/><\/p>\n","protected":false},"excerpt":{"rendered":"<p>Con la presencia de ciclistas de Agua Dulce, Nanchital, Minatitl\u00e1n, Coatzacoalcos, Las Choapas, Catemaco, Villahermosa, Oluta y otros municipios, se realiz\u00f3 la primera carrera Ruta Olmeca Agua Dulce-Nanchital, en un esfuerzo coordinado entre el Gobierno de Nanchital que preside la Dra. Zoila Balderas Guzm\u00e1n y el de Agua Dulce encabezado por el Lic. Sergio Guzm\u00e1n&hellip; <br \/> <a class=\"read-more\" href=\"https:\/\/www.nanchital.gob.mx\/wp-nanchital\/gran-participacion-en-la-ruta-olmeca-agua-dulce-nanchital-2019\/\">Leer m\u00e1s<\/a><\/p>\n","protected":false},"author":7,"featured_media":9187,"comment_status":"closed","ping_status":"closed","sticky":false,"template":"","format":"standard","meta":{"footnotes":""},"categories":[4],"tags":[],"class_list":["post-9185","post","type-post","status-publish","format-standard","has-post-thumbnail","hentry","category-noticias"],"_links":{"self":[{"href":"https:\/\/www.nanchital.gob.mx\/wp-nanchital\/wp-json\/wp\/v2\/posts\/9185","targetHints":{"allow":["GET"]}}],"collection":[{"href":"https:\/\/www.nanchital.gob.mx\/wp-nanchital\/wp-json\/wp\/v2\/posts"}],"about":[{"href":"https:\/\/www.nanchital.gob.mx\/wp-nanchital\/wp-json\/wp\/v2\/types\/post"}],"author":[{"embeddable":true,"href":"https:\/\/www.nanchital.gob.mx\/wp-nanchital\/wp-json\/wp\/v2\/users\/7"}],"replies":[{"embeddable":true,"href":"https:\/\/www.nanchital.gob.mx\/wp-nanchital\/wp-json\/wp\/v2\/comments?post=9185"}],"version-history":[{"count":1,"href":"https:\/\/www.nanchital.gob.mx\/wp-nanchital\/wp-json\/wp\/v2\/posts\/9185\/revisions"}],"predecessor-version":[{"id":9188,"href":"https:\/\/www.nanchital.gob.mx\/wp-nanchital\/wp-json\/wp\/v2\/posts\/9185\/revisions\/9188"}],"wp:featuredmedia":[{"embeddable":true,"href":"https:\/\/www.nanchital.gob.mx\/wp-nanchital\/wp-json\/wp\/v2\/media\/9187"}],"wp:attachment":[{"href":"https:\/\/www.nanchital.gob.mx\/wp-nanchital\/wp-json\/wp\/v2\/media?parent=9185"}],"wp:term":[{"taxonomy":"category","embeddable":true,"href":"https:\/\/www.nanchital.gob.mx\/wp-nanchital\/wp-json\/wp\/v2\/categories?post=9185"},{"taxonomy":"post_tag","embeddable":true,"href":"https:\/\/www.nanchital.gob.mx\/wp-nanchital\/wp-json\/wp\/v2\/tags?post=9185"}],"curies":[{"name":"wp","href":"https:\/\/api.w.org\/{rel}","templated":true}]}}