{"id":9166,"date":"2019-10-24T14:51:14","date_gmt":"2019-10-24T20:51:14","guid":{"rendered":"http:\/\/www.nanchital.gob.mx\/?p=9166"},"modified":"2019-10-24T14:51:14","modified_gmt":"2019-10-24T20:51:14","slug":"conmemoran-el-dia-mundial-de-la-lucha-contra-el-cancer-de-mama","status":"publish","type":"post","link":"https:\/\/www.nanchital.gob.mx\/wp-nanchital\/conmemoran-el-dia-mundial-de-la-lucha-contra-el-cancer-de-mama\/","title":{"rendered":"Conmemoran el D\u00eda Mundial de la lucha contra el c\u00e1ncer de mama"},"content":{"rendered":"<p>El Gobierno Municipal que preside la Dra. Zoila Balderas Guzm\u00e1n, en coordinaci\u00f3n con el Centro de Salud Urbano Nanchital, llevaron a cabo en el jard\u00edn de ni\u00f1os Zoila Guzm\u00e1n Ru\u00edz la conmemoraci\u00f3n del D\u00eda Mundial de la lucha contra el c\u00e1ncer de mama. En el evento los peque\u00f1os de preescolar entonaron una canci\u00f3n de concientizaci\u00f3n de este mal y la Dra. Erika P\u00e9rez Salinas, brind\u00f3 una pl\u00e1tica de orientaci\u00f3n para los padres de familia que se congregaron en la instituci\u00f3n educativa. \u201cEsta actividad es parte de la campa\u00f1a Date una mano que promueve la Secretar\u00eda de Salud y que originalmente se celebra el 19 de Octubre, pero adelantamos la fecha para que el Centro de Salud Urbano nos apoyara para platicar con los padres de familia de la importancia de la prevenci\u00f3n de esta enfermedad que desgraciadamente cobra muchas vidas\u201d coment\u00f3 la alcaldesa Dra. Zoila Balderas Guzm\u00e1n.<\/p>\n<p><img decoding=\"async\" class=\"img\" src=\"https:\/\/scontent.fmtt1-1.fna.fbcdn.net\/v\/t1.15752-9\/s2048x2048\/72730141_717581712001108_340723135730941952_n.jpg?_nc_cat=105&amp;_nc_oc=AQn2p13Ju7FWmCg_SeseO85KqAsVuM07cVMRd1UOx0V7Oa_Wi8jxunpA3Sn3lT-vfxw&amp;_nc_ht=scontent.fmtt1-1.fna&amp;oh=09bb5ebf6a9201126cdf0c2dd6fb0771&amp;oe=5E1A277E\" alt=\"\" \/><\/p>\n","protected":false},"excerpt":{"rendered":"<p>El Gobierno Municipal que preside la Dra. Zoila Balderas Guzm\u00e1n, en coordinaci\u00f3n con el Centro de Salud Urbano Nanchital, llevaron a cabo en el jard\u00edn de ni\u00f1os Zoila Guzm\u00e1n Ru\u00edz la conmemoraci\u00f3n del D\u00eda Mundial de la lucha contra el c\u00e1ncer de mama. En el evento los peque\u00f1os de preescolar entonaron una canci\u00f3n de concientizaci\u00f3n&hellip; <br \/> <a class=\"read-more\" href=\"https:\/\/www.nanchital.gob.mx\/wp-nanchital\/conmemoran-el-dia-mundial-de-la-lucha-contra-el-cancer-de-mama\/\">Leer m\u00e1s<\/a><\/p>\n","protected":false},"author":7,"featured_media":9168,"comment_status":"closed","ping_status":"closed","sticky":false,"template":"","format":"standard","meta":{"footnotes":""},"categories":[4],"tags":[],"class_list":["post-9166","post","type-post","status-publish","format-standard","has-post-thumbnail","hentry","category-noticias"],"_links":{"self":[{"href":"https:\/\/www.nanchital.gob.mx\/wp-nanchital\/wp-json\/wp\/v2\/posts\/9166","targetHints":{"allow":["GET"]}}],"collection":[{"href":"https:\/\/www.nanchital.gob.mx\/wp-nanchital\/wp-json\/wp\/v2\/posts"}],"about":[{"href":"https:\/\/www.nanchital.gob.mx\/wp-nanchital\/wp-json\/wp\/v2\/types\/post"}],"author":[{"embeddable":true,"href":"https:\/\/www.nanchital.gob.mx\/wp-nanchital\/wp-json\/wp\/v2\/users\/7"}],"replies":[{"embeddable":true,"href":"https:\/\/www.nanchital.gob.mx\/wp-nanchital\/wp-json\/wp\/v2\/comments?post=9166"}],"version-history":[{"count":2,"href":"https:\/\/www.nanchital.gob.mx\/wp-nanchital\/wp-json\/wp\/v2\/posts\/9166\/revisions"}],"predecessor-version":[{"id":9170,"href":"https:\/\/www.nanchital.gob.mx\/wp-nanchital\/wp-json\/wp\/v2\/posts\/9166\/revisions\/9170"}],"wp:featuredmedia":[{"embeddable":true,"href":"https:\/\/www.nanchital.gob.mx\/wp-nanchital\/wp-json\/wp\/v2\/media\/9168"}],"wp:attachment":[{"href":"https:\/\/www.nanchital.gob.mx\/wp-nanchital\/wp-json\/wp\/v2\/media?parent=9166"}],"wp:term":[{"taxonomy":"category","embeddable":true,"href":"https:\/\/www.nanchital.gob.mx\/wp-nanchital\/wp-json\/wp\/v2\/categories?post=9166"},{"taxonomy":"post_tag","embeddable":true,"href":"https:\/\/www.nanchital.gob.mx\/wp-nanchital\/wp-json\/wp\/v2\/tags?post=9166"}],"curies":[{"name":"wp","href":"https:\/\/api.w.org\/{rel}","templated":true}]}}