{"id":9162,"date":"2019-10-24T14:48:42","date_gmt":"2019-10-24T20:48:42","guid":{"rendered":"http:\/\/www.nanchital.gob.mx\/?p=9162"},"modified":"2019-10-24T14:48:42","modified_gmt":"2019-10-24T20:48:42","slug":"participa-ayuntamiento-en-la-jornada-de-prevencion-del-delito-y-violencia-d","status":"publish","type":"post","link":"https:\/\/www.nanchital.gob.mx\/wp-nanchital\/participa-ayuntamiento-en-la-jornada-de-prevencion-del-delito-y-violencia-d\/","title":{"rendered":"Participa Ayuntamiento en la Jornada de Prevenci\u00f3n del delito y violencia d"},"content":{"rendered":"<p>e g\u00e9nero El Gobierno Municipal que preside la Dra. Zoila Balderas Guzm\u00e1n a trav\u00e9s del Instituto Municipal de la Mujer, particip\u00f3 en la Jornada de Prevenci\u00f3n del delito y violencia de g\u00e9nero que se realiz\u00f3 en la Universidad Tecnol\u00f3gica del Sureste de Veracruz. En estos d\u00edas de intensa actividad, el Instituto Municipal de la Mujer apoy\u00f3 con la conferencia \u201cEstereotipos y nuevas masculinidades\u201d por Gerardo Hern\u00e1ndez Aguilar, quien explic\u00f3 a los asistentes las diferencias entre la igualdad y la equidad, y el c\u00f3mo deconstruir la educaci\u00f3n sexista que se ha recibido por muchos a\u00f1os, las cu\u00e1les de un estereotipo, generan prejuicios y pueden llegar a provocar actos de discriminaci\u00f3n. \u201cEs nuestra labor como Instituto participar en estas actividades para prevenir la violencia de g\u00e9nero, por ello esta pl\u00e1tica contribuye a orientar a los j\u00f3venes hacia relaciones m\u00e1s sanas entre mujeres y hombres\u201d coment\u00f3 Marcela Garc\u00eda S\u00e1nchez, titular del Instituto Municipal de la Mujer.<\/p>\n<p><img decoding=\"async\" class=\"img\" src=\"https:\/\/scontent.fmtt1-1.fna.fbcdn.net\/v\/t1.15752-9\/s2048x2048\/73415958_460633254798343_737168528620126208_n.jpg?_nc_cat=103&amp;_nc_oc=AQk5UvVL35wVhs4TWQtuOB4ouG-5IZzValwyIy5HdExz1vDYki-niNhARoiPXw4m7J4&amp;_nc_ht=scontent.fmtt1-1.fna&amp;oh=367a147963ad5059d8d83efdcda38a64&amp;oe=5E608091\" alt=\"\" \/><\/p>\n","protected":false},"excerpt":{"rendered":"<p>e g\u00e9nero El Gobierno Municipal que preside la Dra. Zoila Balderas Guzm\u00e1n a trav\u00e9s del Instituto Municipal de la Mujer, particip\u00f3 en la Jornada de Prevenci\u00f3n del delito y violencia de g\u00e9nero que se realiz\u00f3 en la Universidad Tecnol\u00f3gica del Sureste de Veracruz. En estos d\u00edas de intensa actividad, el Instituto Municipal de la Mujer&hellip; <br \/> <a class=\"read-more\" href=\"https:\/\/www.nanchital.gob.mx\/wp-nanchital\/participa-ayuntamiento-en-la-jornada-de-prevencion-del-delito-y-violencia-d\/\">Leer m\u00e1s<\/a><\/p>\n","protected":false},"author":7,"featured_media":9164,"comment_status":"closed","ping_status":"closed","sticky":false,"template":"","format":"standard","meta":{"footnotes":""},"categories":[4],"tags":[],"class_list":["post-9162","post","type-post","status-publish","format-standard","has-post-thumbnail","hentry","category-noticias"],"_links":{"self":[{"href":"https:\/\/www.nanchital.gob.mx\/wp-nanchital\/wp-json\/wp\/v2\/posts\/9162","targetHints":{"allow":["GET"]}}],"collection":[{"href":"https:\/\/www.nanchital.gob.mx\/wp-nanchital\/wp-json\/wp\/v2\/posts"}],"about":[{"href":"https:\/\/www.nanchital.gob.mx\/wp-nanchital\/wp-json\/wp\/v2\/types\/post"}],"author":[{"embeddable":true,"href":"https:\/\/www.nanchital.gob.mx\/wp-nanchital\/wp-json\/wp\/v2\/users\/7"}],"replies":[{"embeddable":true,"href":"https:\/\/www.nanchital.gob.mx\/wp-nanchital\/wp-json\/wp\/v2\/comments?post=9162"}],"version-history":[{"count":1,"href":"https:\/\/www.nanchital.gob.mx\/wp-nanchital\/wp-json\/wp\/v2\/posts\/9162\/revisions"}],"predecessor-version":[{"id":9165,"href":"https:\/\/www.nanchital.gob.mx\/wp-nanchital\/wp-json\/wp\/v2\/posts\/9162\/revisions\/9165"}],"wp:featuredmedia":[{"embeddable":true,"href":"https:\/\/www.nanchital.gob.mx\/wp-nanchital\/wp-json\/wp\/v2\/media\/9164"}],"wp:attachment":[{"href":"https:\/\/www.nanchital.gob.mx\/wp-nanchital\/wp-json\/wp\/v2\/media?parent=9162"}],"wp:term":[{"taxonomy":"category","embeddable":true,"href":"https:\/\/www.nanchital.gob.mx\/wp-nanchital\/wp-json\/wp\/v2\/categories?post=9162"},{"taxonomy":"post_tag","embeddable":true,"href":"https:\/\/www.nanchital.gob.mx\/wp-nanchital\/wp-json\/wp\/v2\/tags?post=9162"}],"curies":[{"name":"wp","href":"https:\/\/api.w.org\/{rel}","templated":true}]}}