{"id":9158,"date":"2019-10-24T14:45:54","date_gmt":"2019-10-24T20:45:54","guid":{"rendered":"http:\/\/www.nanchital.gob.mx\/?p=9158"},"modified":"2019-10-24T14:45:54","modified_gmt":"2019-10-24T20:45:54","slug":"se-instala-mesa-de-trabajo-interinstitucional","status":"publish","type":"post","link":"https:\/\/www.nanchital.gob.mx\/wp-nanchital\/se-instala-mesa-de-trabajo-interinstitucional\/","title":{"rendered":"Se instala mesa de trabajo interinstitucional"},"content":{"rendered":"<p>El Gobierno Municipal que preside la Dra. Zoila Balderas Guzm\u00e1n, llev\u00f3 a cabo la instalaci\u00f3n de la mesa de trabajo interinstitucional permanente para la protecci\u00f3n y restituci\u00f3n de derechos, para la procuradur\u00eda municipal de Protecci\u00f3n de Ni\u00f1as, Ni\u00f1os y Adolescentes del Municipio de Nanchital. En la reuni\u00f3n, se tom\u00f3 protesta a las dependencias integrantes de la mesa, conformada por los departamentos de Educaci\u00f3n, Sistema de Protecci\u00f3n Integral de los Derechos de las Ni\u00f1as, Ni\u00f1os y Adolescentes, Derechos Humanos, Instituto Municipal de la Juventud, Registro Civil, Desarrollo Social, Instituto Municipal de la Mujer, el Sistema DIF Municipal a trav\u00e9s de la Procuradur\u00eda de Protecci\u00f3n de Ni\u00f1as, Ni\u00f1os y Adolescentes, as\u00ed como el Centro de Salud Urbano de esta ciudad. \u201cEn esta mesa de trabajo se han acordado acciones que implementaremos para la difusi\u00f3n de los Derechos de los ni\u00f1os, ni\u00f1as y adolescentes, as\u00ed como el procedimiento adecuado que se deber\u00e1 seguir en el momento en el que se llegue a detectar alguna forma de violencia hacia los infantes o a los j\u00f3venes\u201d afirm\u00f3 Estefan\u00eda Garc\u00eda Alvarado, Secretaria Ejecutiva de SIPINNA Municipal.<\/p>\n<p><img decoding=\"async\" class=\"img\" src=\"https:\/\/scontent.fmtt1-1.fna.fbcdn.net\/v\/t1.15752-9\/s2048x2048\/74634629_872721153155247_5053255432945008640_n.jpg?_nc_cat=102&amp;_nc_oc=AQnZCCYd3HstcQRa0TvczN8fo4qlGzQ5oQFiHzcBJdndZwvgynmyCI5eWoe0V0CSu6I&amp;_nc_ht=scontent.fmtt1-1.fna&amp;oh=22d8dc826a194bf3f09315bb9b663cde&amp;oe=5E1D2C55\" alt=\"\" \/><\/p>\n","protected":false},"excerpt":{"rendered":"<p>El Gobierno Municipal que preside la Dra. Zoila Balderas Guzm\u00e1n, llev\u00f3 a cabo la instalaci\u00f3n de la mesa de trabajo interinstitucional permanente para la protecci\u00f3n y restituci\u00f3n de derechos, para la procuradur\u00eda municipal de Protecci\u00f3n de Ni\u00f1as, Ni\u00f1os y Adolescentes del Municipio de Nanchital. En la reuni\u00f3n, se tom\u00f3 protesta a las dependencias integrantes de&hellip; <br \/> <a class=\"read-more\" href=\"https:\/\/www.nanchital.gob.mx\/wp-nanchital\/se-instala-mesa-de-trabajo-interinstitucional\/\">Leer m\u00e1s<\/a><\/p>\n","protected":false},"author":7,"featured_media":9160,"comment_status":"closed","ping_status":"closed","sticky":false,"template":"","format":"standard","meta":{"footnotes":""},"categories":[4],"tags":[],"class_list":["post-9158","post","type-post","status-publish","format-standard","has-post-thumbnail","hentry","category-noticias"],"_links":{"self":[{"href":"https:\/\/www.nanchital.gob.mx\/wp-nanchital\/wp-json\/wp\/v2\/posts\/9158","targetHints":{"allow":["GET"]}}],"collection":[{"href":"https:\/\/www.nanchital.gob.mx\/wp-nanchital\/wp-json\/wp\/v2\/posts"}],"about":[{"href":"https:\/\/www.nanchital.gob.mx\/wp-nanchital\/wp-json\/wp\/v2\/types\/post"}],"author":[{"embeddable":true,"href":"https:\/\/www.nanchital.gob.mx\/wp-nanchital\/wp-json\/wp\/v2\/users\/7"}],"replies":[{"embeddable":true,"href":"https:\/\/www.nanchital.gob.mx\/wp-nanchital\/wp-json\/wp\/v2\/comments?post=9158"}],"version-history":[{"count":1,"href":"https:\/\/www.nanchital.gob.mx\/wp-nanchital\/wp-json\/wp\/v2\/posts\/9158\/revisions"}],"predecessor-version":[{"id":9161,"href":"https:\/\/www.nanchital.gob.mx\/wp-nanchital\/wp-json\/wp\/v2\/posts\/9158\/revisions\/9161"}],"wp:featuredmedia":[{"embeddable":true,"href":"https:\/\/www.nanchital.gob.mx\/wp-nanchital\/wp-json\/wp\/v2\/media\/9160"}],"wp:attachment":[{"href":"https:\/\/www.nanchital.gob.mx\/wp-nanchital\/wp-json\/wp\/v2\/media?parent=9158"}],"wp:term":[{"taxonomy":"category","embeddable":true,"href":"https:\/\/www.nanchital.gob.mx\/wp-nanchital\/wp-json\/wp\/v2\/categories?post=9158"},{"taxonomy":"post_tag","embeddable":true,"href":"https:\/\/www.nanchital.gob.mx\/wp-nanchital\/wp-json\/wp\/v2\/tags?post=9158"}],"curies":[{"name":"wp","href":"https:\/\/api.w.org\/{rel}","templated":true}]}}