{"id":8967,"date":"2019-10-08T08:36:31","date_gmt":"2019-10-08T14:36:31","guid":{"rendered":"http:\/\/www.nanchital.gob.mx\/?p=8967"},"modified":"2019-10-08T08:36:31","modified_gmt":"2019-10-08T14:36:31","slug":"ivec-presentara-obra-de-titeres-en-casa-de-cultura","status":"publish","type":"post","link":"https:\/\/www.nanchital.gob.mx\/wp-nanchital\/ivec-presentara-obra-de-titeres-en-casa-de-cultura\/","title":{"rendered":"IVEC presentar\u00e1 obra de t\u00edteres en Casa de Cultura"},"content":{"rendered":"<p>El pr\u00f3ximo s\u00e1bado 12 de Octubre a las 12:00 horas, los ni\u00f1os de Nanchital podr\u00e1n disfrutar de la obra de t\u00edteres \u201cVariedades\u201d de la compa\u00f1\u00eda Drag\u00f3n Rojo, gracias a las gestiones del Gobierno Municipal que preside la Dra. Zoila Balderas Guzm\u00e1n ante el Instituto Veracruzano de la Cultura. Esta obra tra\u00edda desde el Puerto de Veracruz, se da gracias al Programa de Apoyo a las Instituciones Estatales de Cultura (AIEC) del Gobierno del Estado de Veracruz, la entrada es gratuita y podr\u00e1n disfrutarla ni\u00f1os desde los 4 a\u00f1os de edad.<\/p>\n<p>\u201cEste es el primer evento que realizamos en conjunto con el IVEC y la idea es que contemos con m\u00e1s apoyos por parte del Gobierno del Estado, tal como lo acord\u00f3 en su visita a nuestra Casa de Cultura, la Directora del Instituto, Silvia Alejandre Prado\u201d coment\u00f3 Sandra Lidia Islas Medina, titular de Casa de Cultura.<\/p>\n<p><img decoding=\"async\" class=\"img\" src=\"https:\/\/scontent.fmtt1-1.fna.fbcdn.net\/v\/t1.15752-9\/71795130_1091625044365840_3775696000337838080_n.jpg?_nc_cat=101&amp;_nc_oc=AQnBsdMMnkzEyeSe0aVqIqeCZsWV6BpnR15R7Kp2fzTXaH-M4QGzuqbf2ZDXZw6ogGA&amp;_nc_ht=scontent.fmtt1-1.fna&amp;oh=26b585b9bd6049aa034d12e366239274&amp;oe=5E1D64A9\" alt=\"\" \/><\/p>\n","protected":false},"excerpt":{"rendered":"<p>El pr\u00f3ximo s\u00e1bado 12 de Octubre a las 12:00 horas, los ni\u00f1os de Nanchital podr\u00e1n disfrutar de la obra de t\u00edteres \u201cVariedades\u201d de la compa\u00f1\u00eda Drag\u00f3n Rojo, gracias a las gestiones del Gobierno Municipal que preside la Dra. Zoila Balderas Guzm\u00e1n ante el Instituto Veracruzano de la Cultura. Esta obra tra\u00edda desde el Puerto de&hellip; <br \/> <a class=\"read-more\" href=\"https:\/\/www.nanchital.gob.mx\/wp-nanchital\/ivec-presentara-obra-de-titeres-en-casa-de-cultura\/\">Leer m\u00e1s<\/a><\/p>\n","protected":false},"author":7,"featured_media":8969,"comment_status":"closed","ping_status":"closed","sticky":false,"template":"","format":"standard","meta":{"footnotes":""},"categories":[4],"tags":[],"class_list":["post-8967","post","type-post","status-publish","format-standard","has-post-thumbnail","hentry","category-noticias"],"_links":{"self":[{"href":"https:\/\/www.nanchital.gob.mx\/wp-nanchital\/wp-json\/wp\/v2\/posts\/8967","targetHints":{"allow":["GET"]}}],"collection":[{"href":"https:\/\/www.nanchital.gob.mx\/wp-nanchital\/wp-json\/wp\/v2\/posts"}],"about":[{"href":"https:\/\/www.nanchital.gob.mx\/wp-nanchital\/wp-json\/wp\/v2\/types\/post"}],"author":[{"embeddable":true,"href":"https:\/\/www.nanchital.gob.mx\/wp-nanchital\/wp-json\/wp\/v2\/users\/7"}],"replies":[{"embeddable":true,"href":"https:\/\/www.nanchital.gob.mx\/wp-nanchital\/wp-json\/wp\/v2\/comments?post=8967"}],"version-history":[{"count":1,"href":"https:\/\/www.nanchital.gob.mx\/wp-nanchital\/wp-json\/wp\/v2\/posts\/8967\/revisions"}],"predecessor-version":[{"id":8970,"href":"https:\/\/www.nanchital.gob.mx\/wp-nanchital\/wp-json\/wp\/v2\/posts\/8967\/revisions\/8970"}],"wp:featuredmedia":[{"embeddable":true,"href":"https:\/\/www.nanchital.gob.mx\/wp-nanchital\/wp-json\/wp\/v2\/media\/8969"}],"wp:attachment":[{"href":"https:\/\/www.nanchital.gob.mx\/wp-nanchital\/wp-json\/wp\/v2\/media?parent=8967"}],"wp:term":[{"taxonomy":"category","embeddable":true,"href":"https:\/\/www.nanchital.gob.mx\/wp-nanchital\/wp-json\/wp\/v2\/categories?post=8967"},{"taxonomy":"post_tag","embeddable":true,"href":"https:\/\/www.nanchital.gob.mx\/wp-nanchital\/wp-json\/wp\/v2\/tags?post=8967"}],"curies":[{"name":"wp","href":"https:\/\/api.w.org\/{rel}","templated":true}]}}