{"id":8959,"date":"2019-10-07T14:42:15","date_gmt":"2019-10-07T20:42:15","guid":{"rendered":"http:\/\/www.nanchital.gob.mx\/?p=8959"},"modified":"2019-10-07T14:42:15","modified_gmt":"2019-10-07T20:42:15","slug":"se-inaugura-curso-de-conservas-con-aval-del-servicio-nacional-de-empleo","status":"publish","type":"post","link":"https:\/\/www.nanchital.gob.mx\/wp-nanchital\/se-inaugura-curso-de-conservas-con-aval-del-servicio-nacional-de-empleo\/","title":{"rendered":"Se inaugura curso de Conservas con aval del Servicio Nacional de Empleo"},"content":{"rendered":"<p>El Gobierno Municipal que preside la Dra. Zoila Balderas Guzm\u00e1n, a trav\u00e9s de los programas de capacitaci\u00f3n del Servicio Nacional de Empleo, la Secretar\u00eda del Trabajo, Previsi\u00f3n Social y Productividad, en conjunto con el COBAEV 34, dieron inicio al curso \u201cConservaci\u00f3n de alimentos: Biotecnolog\u00eda sustentable\u201d. En este taller las participantes lograr\u00e1n realizar mermeladas, toritos, patitas y cueritos en escabeche, dulces de frutas y otros productos m\u00e1s, que podr\u00e1n servirles como una manera de ahorro en la preparaci\u00f3n de sus alimentos, as\u00ed como de una posibilidad de negocio. \u201cEstamos muy agradecidos con la alcaldesa Dra. Zoila Balderas Guzm\u00e1n que apoyar\u00e1 con los insumos para llevar a cabo este curso y sobre todo con las participantes que sabemos que pondr\u00e1n todo su empe\u00f1o en aprender la t\u00e9cnica de las conservas de alimentos, con esto promovemos la biotecnolog\u00eda sustentable en Nanchital\u201d afirm\u00f3 Magaly Escobar Moreno, Encargada del Programa ACE del Servicio Nacional de Empleo.<\/p>\n<p><img decoding=\"async\" class=\"img\" src=\"https:\/\/scontent.fmtt1-1.fna.fbcdn.net\/v\/t1.15752-9\/s2048x2048\/71805206_392785301641816_5364572774436175872_n.jpg?_nc_cat=111&amp;_nc_oc=AQkNdDo46HjFvuv2wQ8UaKYkXmVmE3AxZBcpVIegOeR3qSZpjzQYKI-sv5CkZOf0NwA&amp;_nc_ht=scontent.fmtt1-1.fna&amp;oh=30503dfe0451118d8ac0c1f6807102a6&amp;oe=5E2C183D\" alt=\"\" \/><\/p>\n","protected":false},"excerpt":{"rendered":"<p>El Gobierno Municipal que preside la Dra. Zoila Balderas Guzm\u00e1n, a trav\u00e9s de los programas de capacitaci\u00f3n del Servicio Nacional de Empleo, la Secretar\u00eda del Trabajo, Previsi\u00f3n Social y Productividad, en conjunto con el COBAEV 34, dieron inicio al curso \u201cConservaci\u00f3n de alimentos: Biotecnolog\u00eda sustentable\u201d. En este taller las participantes lograr\u00e1n realizar mermeladas, toritos, patitas&hellip; <br \/> <a class=\"read-more\" href=\"https:\/\/www.nanchital.gob.mx\/wp-nanchital\/se-inaugura-curso-de-conservas-con-aval-del-servicio-nacional-de-empleo\/\">Leer m\u00e1s<\/a><\/p>\n","protected":false},"author":7,"featured_media":8961,"comment_status":"closed","ping_status":"closed","sticky":false,"template":"","format":"standard","meta":{"footnotes":""},"categories":[4],"tags":[],"class_list":["post-8959","post","type-post","status-publish","format-standard","has-post-thumbnail","hentry","category-noticias"],"_links":{"self":[{"href":"https:\/\/www.nanchital.gob.mx\/wp-nanchital\/wp-json\/wp\/v2\/posts\/8959","targetHints":{"allow":["GET"]}}],"collection":[{"href":"https:\/\/www.nanchital.gob.mx\/wp-nanchital\/wp-json\/wp\/v2\/posts"}],"about":[{"href":"https:\/\/www.nanchital.gob.mx\/wp-nanchital\/wp-json\/wp\/v2\/types\/post"}],"author":[{"embeddable":true,"href":"https:\/\/www.nanchital.gob.mx\/wp-nanchital\/wp-json\/wp\/v2\/users\/7"}],"replies":[{"embeddable":true,"href":"https:\/\/www.nanchital.gob.mx\/wp-nanchital\/wp-json\/wp\/v2\/comments?post=8959"}],"version-history":[{"count":1,"href":"https:\/\/www.nanchital.gob.mx\/wp-nanchital\/wp-json\/wp\/v2\/posts\/8959\/revisions"}],"predecessor-version":[{"id":8962,"href":"https:\/\/www.nanchital.gob.mx\/wp-nanchital\/wp-json\/wp\/v2\/posts\/8959\/revisions\/8962"}],"wp:featuredmedia":[{"embeddable":true,"href":"https:\/\/www.nanchital.gob.mx\/wp-nanchital\/wp-json\/wp\/v2\/media\/8961"}],"wp:attachment":[{"href":"https:\/\/www.nanchital.gob.mx\/wp-nanchital\/wp-json\/wp\/v2\/media?parent=8959"}],"wp:term":[{"taxonomy":"category","embeddable":true,"href":"https:\/\/www.nanchital.gob.mx\/wp-nanchital\/wp-json\/wp\/v2\/categories?post=8959"},{"taxonomy":"post_tag","embeddable":true,"href":"https:\/\/www.nanchital.gob.mx\/wp-nanchital\/wp-json\/wp\/v2\/tags?post=8959"}],"curies":[{"name":"wp","href":"https:\/\/api.w.org\/{rel}","templated":true}]}}