{"id":8933,"date":"2019-10-01T10:35:18","date_gmt":"2019-10-01T16:35:18","guid":{"rendered":"http:\/\/www.nanchital.gob.mx\/?p=8933"},"modified":"2019-10-01T10:35:18","modified_gmt":"2019-10-01T16:35:18","slug":"asignan-lugares-a-comerciantes-del-parque-benito-juarez","status":"publish","type":"post","link":"https:\/\/www.nanchital.gob.mx\/wp-nanchital\/asignan-lugares-a-comerciantes-del-parque-benito-juarez\/","title":{"rendered":"Asignan lugares a comerciantes del Parque Benito Ju\u00e1rez"},"content":{"rendered":"<p>El Gobierno Municipal que preside la Dra. Zoila Balderas Guzm\u00e1n, realiz\u00f3 la asignaci\u00f3n de los lugares para los vendedores semifijos del Parque Benito Ju\u00e1rez, en donde a partir de hoy, 17 comerciantes podr\u00e1n ofrecer sus productos a la poblaci\u00f3n. Posterior a la entrega de gafetes que los acredita como vendedores autorizados del Parque Benito Ju\u00e1rez, la Direcci\u00f3n de Comercio asign\u00f3 los espacios para que los ciudadanos puedan consumir esquites, hot cakes, raspados, banderillas, chicharrones, pepinos, nieves, j\u00edcamas, curtidos, as\u00ed como utilizar el brincol\u00edn y los carritos el\u00e9ctricos en la plaza p\u00fablica.<\/p>\n<p>\u201cHemos asignado los lugares respetando los a\u00f1os que ten\u00eda cada vendedor en el mismo, as\u00ed como brindando nuevos espacios a otros comerciantes que cumplieron con los requisitos para ofrecer sus productos en el parque, invitamos a los ciudadanos a que a partir de hoy vengan al parque a disfrutar de los productos que siempre han comprado\u201d inform\u00f3 Gustavo Bartolo Santiago, titular de Comercio.<\/p>\n<p><img decoding=\"async\" class=\"img\" src=\"https:\/\/scontent.fmtt1-1.fna.fbcdn.net\/v\/t1.15752-9\/s2048x2048\/71499385_2999458983462441_4153894624101924864_n.jpg?_nc_cat=103&amp;_nc_oc=AQkZUHXnG3LpNmjNeSOEdZM2a0qQ7Wq5AJffjBVpIwNXsEtOYSwW8YN60IR8I6v5za0&amp;_nc_ht=scontent.fmtt1-1.fna&amp;oh=cef38aa2269bbfc1a4a66a4f7a7399b6&amp;oe=5E2C727A\" alt=\"\" \/><\/p>\n","protected":false},"excerpt":{"rendered":"<p>El Gobierno Municipal que preside la Dra. Zoila Balderas Guzm\u00e1n, realiz\u00f3 la asignaci\u00f3n de los lugares para los vendedores semifijos del Parque Benito Ju\u00e1rez, en donde a partir de hoy, 17 comerciantes podr\u00e1n ofrecer sus productos a la poblaci\u00f3n. Posterior a la entrega de gafetes que los acredita como vendedores autorizados del Parque Benito Ju\u00e1rez,&hellip; <br \/> <a class=\"read-more\" href=\"https:\/\/www.nanchital.gob.mx\/wp-nanchital\/asignan-lugares-a-comerciantes-del-parque-benito-juarez\/\">Leer m\u00e1s<\/a><\/p>\n","protected":false},"author":7,"featured_media":8935,"comment_status":"closed","ping_status":"closed","sticky":false,"template":"","format":"standard","meta":{"footnotes":""},"categories":[4],"tags":[],"class_list":["post-8933","post","type-post","status-publish","format-standard","has-post-thumbnail","hentry","category-noticias"],"_links":{"self":[{"href":"https:\/\/www.nanchital.gob.mx\/wp-nanchital\/wp-json\/wp\/v2\/posts\/8933","targetHints":{"allow":["GET"]}}],"collection":[{"href":"https:\/\/www.nanchital.gob.mx\/wp-nanchital\/wp-json\/wp\/v2\/posts"}],"about":[{"href":"https:\/\/www.nanchital.gob.mx\/wp-nanchital\/wp-json\/wp\/v2\/types\/post"}],"author":[{"embeddable":true,"href":"https:\/\/www.nanchital.gob.mx\/wp-nanchital\/wp-json\/wp\/v2\/users\/7"}],"replies":[{"embeddable":true,"href":"https:\/\/www.nanchital.gob.mx\/wp-nanchital\/wp-json\/wp\/v2\/comments?post=8933"}],"version-history":[{"count":1,"href":"https:\/\/www.nanchital.gob.mx\/wp-nanchital\/wp-json\/wp\/v2\/posts\/8933\/revisions"}],"predecessor-version":[{"id":8936,"href":"https:\/\/www.nanchital.gob.mx\/wp-nanchital\/wp-json\/wp\/v2\/posts\/8933\/revisions\/8936"}],"wp:featuredmedia":[{"embeddable":true,"href":"https:\/\/www.nanchital.gob.mx\/wp-nanchital\/wp-json\/wp\/v2\/media\/8935"}],"wp:attachment":[{"href":"https:\/\/www.nanchital.gob.mx\/wp-nanchital\/wp-json\/wp\/v2\/media?parent=8933"}],"wp:term":[{"taxonomy":"category","embeddable":true,"href":"https:\/\/www.nanchital.gob.mx\/wp-nanchital\/wp-json\/wp\/v2\/categories?post=8933"},{"taxonomy":"post_tag","embeddable":true,"href":"https:\/\/www.nanchital.gob.mx\/wp-nanchital\/wp-json\/wp\/v2\/tags?post=8933"}],"curies":[{"name":"wp","href":"https:\/\/api.w.org\/{rel}","templated":true}]}}