{"id":8919,"date":"2019-09-27T09:21:04","date_gmt":"2019-09-27T15:21:04","guid":{"rendered":"http:\/\/www.nanchital.gob.mx\/?p=8919"},"modified":"2019-09-27T09:21:04","modified_gmt":"2019-09-27T15:21:04","slug":"arrancara-la-segunda-edicion-de-la-copa-zoila-balderas","status":"publish","type":"post","link":"https:\/\/www.nanchital.gob.mx\/wp-nanchital\/arrancara-la-segunda-edicion-de-la-copa-zoila-balderas\/","title":{"rendered":"Arrancar\u00e1 la segunda edici\u00f3n de la Copa Zoila Balderas"},"content":{"rendered":"<p>Ser\u00e1 el pr\u00f3ximo martes 1 de Octubre que se realizar\u00e1 la inauguraci\u00f3n de la segunda edici\u00f3n de la copa de Futbol 9 Zoila Balderas, organizada por el Gobierno Municipal, la cual tendr\u00e1 la novedad de jugarse bajo el sistema de grupos, los cuales estar\u00e1n integrados en los pr\u00f3ximos d\u00edas. A diferencia del torneo anterior, en esta ocasi\u00f3n son 20 escuadras las que competir\u00e1n para ganarse premios en efectivo, medallas, la copa y una taquiza para el primer lugar, medallas y efectivo para el subcampe\u00f3n, as\u00ed como un premio en efectivo al campe\u00f3n goleador del torneo.<\/p>\n<p>\u201cGracias al \u00e9xito que tuvo este torneo, se decidi\u00f3 continuar con esta competencia para seguir teniendo actividad en el reci\u00e9n remodelado Estadio San Ernesto, la inscripci\u00f3n fue gratuita y el arbitraje tendr\u00e1 un bajo costo, por lo que esperamos que el torneo se siga consolidando en nuestra ciudad\u201d afirm\u00f3 Omar Santiago Garc\u00eda, titular de la COMUDE.<\/p>\n<p><img decoding=\"async\" class=\"img\" src=\"https:\/\/scontent.fmtt1-1.fna.fbcdn.net\/v\/t1.15752-9\/70832411_2482747915137718_958832916048117760_n.jpg?_nc_cat=108&amp;_nc_oc=AQkwxClS2P4bVL5xdQhCiM36El56TZbAc_IKTElVvm3M1edspMiSC3xVr7DF9BrbNlkEeRCIGKYZhd-kXROsxIgI&amp;_nc_ht=scontent.fmtt1-1.fna&amp;oh=63d4a56df7d5fe4345b5cfe8fed728cb&amp;oe=5E2ED49C\" alt=\"\" \/><\/p>\n","protected":false},"excerpt":{"rendered":"<p>Ser\u00e1 el pr\u00f3ximo martes 1 de Octubre que se realizar\u00e1 la inauguraci\u00f3n de la segunda edici\u00f3n de la copa de Futbol 9 Zoila Balderas, organizada por el Gobierno Municipal, la cual tendr\u00e1 la novedad de jugarse bajo el sistema de grupos, los cuales estar\u00e1n integrados en los pr\u00f3ximos d\u00edas. A diferencia del torneo anterior, en&hellip; <br \/> <a class=\"read-more\" href=\"https:\/\/www.nanchital.gob.mx\/wp-nanchital\/arrancara-la-segunda-edicion-de-la-copa-zoila-balderas\/\">Leer m\u00e1s<\/a><\/p>\n","protected":false},"author":7,"featured_media":8921,"comment_status":"closed","ping_status":"closed","sticky":false,"template":"","format":"standard","meta":{"footnotes":""},"categories":[4],"tags":[],"class_list":["post-8919","post","type-post","status-publish","format-standard","has-post-thumbnail","hentry","category-noticias"],"_links":{"self":[{"href":"https:\/\/www.nanchital.gob.mx\/wp-nanchital\/wp-json\/wp\/v2\/posts\/8919","targetHints":{"allow":["GET"]}}],"collection":[{"href":"https:\/\/www.nanchital.gob.mx\/wp-nanchital\/wp-json\/wp\/v2\/posts"}],"about":[{"href":"https:\/\/www.nanchital.gob.mx\/wp-nanchital\/wp-json\/wp\/v2\/types\/post"}],"author":[{"embeddable":true,"href":"https:\/\/www.nanchital.gob.mx\/wp-nanchital\/wp-json\/wp\/v2\/users\/7"}],"replies":[{"embeddable":true,"href":"https:\/\/www.nanchital.gob.mx\/wp-nanchital\/wp-json\/wp\/v2\/comments?post=8919"}],"version-history":[{"count":1,"href":"https:\/\/www.nanchital.gob.mx\/wp-nanchital\/wp-json\/wp\/v2\/posts\/8919\/revisions"}],"predecessor-version":[{"id":8922,"href":"https:\/\/www.nanchital.gob.mx\/wp-nanchital\/wp-json\/wp\/v2\/posts\/8919\/revisions\/8922"}],"wp:featuredmedia":[{"embeddable":true,"href":"https:\/\/www.nanchital.gob.mx\/wp-nanchital\/wp-json\/wp\/v2\/media\/8921"}],"wp:attachment":[{"href":"https:\/\/www.nanchital.gob.mx\/wp-nanchital\/wp-json\/wp\/v2\/media?parent=8919"}],"wp:term":[{"taxonomy":"category","embeddable":true,"href":"https:\/\/www.nanchital.gob.mx\/wp-nanchital\/wp-json\/wp\/v2\/categories?post=8919"},{"taxonomy":"post_tag","embeddable":true,"href":"https:\/\/www.nanchital.gob.mx\/wp-nanchital\/wp-json\/wp\/v2\/tags?post=8919"}],"curies":[{"name":"wp","href":"https:\/\/api.w.org\/{rel}","templated":true}]}}