{"id":8723,"date":"2019-09-04T11:33:45","date_gmt":"2019-09-04T17:33:45","guid":{"rendered":"http:\/\/www.nanchital.gob.mx\/?p=8723"},"modified":"2019-09-04T11:33:45","modified_gmt":"2019-09-04T17:33:45","slug":"inician-inscripciones-para-nuevos-talleres-de-casa-de-cultura","status":"publish","type":"post","link":"https:\/\/www.nanchital.gob.mx\/wp-nanchital\/inician-inscripciones-para-nuevos-talleres-de-casa-de-cultura\/","title":{"rendered":"Inician inscripciones para nuevos talleres de Casa de Cultura"},"content":{"rendered":"<p>El Gobierno Municipal que preside la Dra. Zoila Balderas Guzm\u00e1n, invita a inscribirse a los nuevos talleres que tendr\u00e1 la Casa de Cultura en de Septiembre de este a\u00f1o a Junio del 2020 en sus instalaciones. Dentro de la oferta educativa se contempla Dibujo Caricaturesco, Yoga, Salsa estilo lineal, Amigurumis, Ingl\u00e9s, Perfumer\u00eda b\u00e1sica, Canto, Pintura textil y escultura en cer\u00e1mica fr\u00eda, los cuales est\u00e1 dirigidos tanto a ni\u00f1os, como j\u00f3venes y personas adultas.<\/p>\n<p>\u201cEsta nueva oferta de talleres est\u00e1 encaminada a diversificar lo que hemos estado ofreciendo anteriormente, tenemos muy buenos maestros e invitamos a toda la comunidad a que se inscriba durante todo Septiembre, para informaci\u00f3n de los costos pueden llamar al 2164094 en donde con gusto los atenderemos\u201d inform\u00f3 Sandra Lidia Islas Medina titular de Casa de Cultura.<\/p>\n<p><img decoding=\"async\" class=\"img\" src=\"https:\/\/scontent.fmtt1-1.fna.fbcdn.net\/v\/t1.15752-9\/70164716_2504109983150740_2876256078197161984_n.jpg?_nc_cat=101&amp;_nc_oc=AQkJ5TP1CspOt-lbH1gmQ1uKNU7ciADZRBxong2t9Fr6nMuxw3U3VAV63JA5SZVgnDoLmjOeavIlq4VmI3KlIpbS&amp;_nc_ht=scontent.fmtt1-1.fna&amp;oh=edd2eee0cc74b12f2102023ea0e75aab&amp;oe=5DCEF5F0\" alt=\"\" \/><\/p>\n","protected":false},"excerpt":{"rendered":"<p>El Gobierno Municipal que preside la Dra. Zoila Balderas Guzm\u00e1n, invita a inscribirse a los nuevos talleres que tendr\u00e1 la Casa de Cultura en de Septiembre de este a\u00f1o a Junio del 2020 en sus instalaciones. Dentro de la oferta educativa se contempla Dibujo Caricaturesco, Yoga, Salsa estilo lineal, Amigurumis, Ingl\u00e9s, Perfumer\u00eda b\u00e1sica, Canto, Pintura&hellip; <br \/> <a class=\"read-more\" href=\"https:\/\/www.nanchital.gob.mx\/wp-nanchital\/inician-inscripciones-para-nuevos-talleres-de-casa-de-cultura\/\">Leer m\u00e1s<\/a><\/p>\n","protected":false},"author":7,"featured_media":8725,"comment_status":"closed","ping_status":"closed","sticky":false,"template":"","format":"standard","meta":{"footnotes":""},"categories":[4],"tags":[],"class_list":["post-8723","post","type-post","status-publish","format-standard","has-post-thumbnail","hentry","category-noticias"],"_links":{"self":[{"href":"https:\/\/www.nanchital.gob.mx\/wp-nanchital\/wp-json\/wp\/v2\/posts\/8723","targetHints":{"allow":["GET"]}}],"collection":[{"href":"https:\/\/www.nanchital.gob.mx\/wp-nanchital\/wp-json\/wp\/v2\/posts"}],"about":[{"href":"https:\/\/www.nanchital.gob.mx\/wp-nanchital\/wp-json\/wp\/v2\/types\/post"}],"author":[{"embeddable":true,"href":"https:\/\/www.nanchital.gob.mx\/wp-nanchital\/wp-json\/wp\/v2\/users\/7"}],"replies":[{"embeddable":true,"href":"https:\/\/www.nanchital.gob.mx\/wp-nanchital\/wp-json\/wp\/v2\/comments?post=8723"}],"version-history":[{"count":1,"href":"https:\/\/www.nanchital.gob.mx\/wp-nanchital\/wp-json\/wp\/v2\/posts\/8723\/revisions"}],"predecessor-version":[{"id":8726,"href":"https:\/\/www.nanchital.gob.mx\/wp-nanchital\/wp-json\/wp\/v2\/posts\/8723\/revisions\/8726"}],"wp:featuredmedia":[{"embeddable":true,"href":"https:\/\/www.nanchital.gob.mx\/wp-nanchital\/wp-json\/wp\/v2\/media\/8725"}],"wp:attachment":[{"href":"https:\/\/www.nanchital.gob.mx\/wp-nanchital\/wp-json\/wp\/v2\/media?parent=8723"}],"wp:term":[{"taxonomy":"category","embeddable":true,"href":"https:\/\/www.nanchital.gob.mx\/wp-nanchital\/wp-json\/wp\/v2\/categories?post=8723"},{"taxonomy":"post_tag","embeddable":true,"href":"https:\/\/www.nanchital.gob.mx\/wp-nanchital\/wp-json\/wp\/v2\/tags?post=8723"}],"curies":[{"name":"wp","href":"https:\/\/api.w.org\/{rel}","templated":true}]}}