{"id":8694,"date":"2019-08-29T13:02:45","date_gmt":"2019-08-29T19:02:45","guid":{"rendered":"http:\/\/www.nanchital.gob.mx\/?p=8694"},"modified":"2019-08-29T13:02:45","modified_gmt":"2019-08-29T19:02:45","slug":"realizaran-cuarto-reciclaton-de-material-reciclable-en-nanchital","status":"publish","type":"post","link":"https:\/\/www.nanchital.gob.mx\/wp-nanchital\/realizaran-cuarto-reciclaton-de-material-reciclable-en-nanchital\/","title":{"rendered":"Realizar\u00e1n cuarto reciclat\u00f3n de material reciclable en Nanchital"},"content":{"rendered":"<p>El viernes 30 de Agosto y por iniciativa del Festival de Cine Oro Negro con la Fundaci\u00f3n Chico Balderas a trav\u00e9s de su programa Nanchital Ambiental, el Ayuntamiento de esta ciudad que preside la Dra. Zoila Balderas Guzm\u00e1n, respalda la realizaci\u00f3n del cuarto reciclat\u00f3n. Este evento se llevar\u00e1 a cabo de 2 a 5 de la tarde en el lobby del Auditorio Municipal, en el que se invita a la comunidad a aportar papel, libros, revistas, cat\u00e1logos, cart\u00f3n, latas de aluminio, lat\u00f3n, pet, aceite de cocina usado y pl\u00e1stico soplo, recibiendo a cambio un \u00e1rbol para con ello, fomentar la reforestaci\u00f3n responsable. \u201cEstamos muy agradecidos con el apoyo que hemos recibido de la alcaldesa Zoila Balderas Guzm\u00e1n, de la Fundaci\u00f3n Chico Balderas y de otros patrocinadores para hacer este cuarto reciclat\u00f3n, con estos eventos que realizaremos peri\u00f3dicamente, tenemos la intenci\u00f3n de fomentar la cultura del reciclaje y de la reforestaci\u00f3n responsable, la gente al adoptar un \u00e1rbol se compromete a su cuidado y eso nos ayuda a todos para aminorar la contaminaci\u00f3n\u201d coment\u00f3 Johnny Ol\u00e1n Ochoa, Director del Festival de Cine Oro Negro.<\/p>\n<p><img decoding=\"async\" class=\"img\" src=\"https:\/\/scontent.fmtt1-1.fna.fbcdn.net\/v\/t1.15752-9\/69405205_1061249507599109_6962941696841613312_n.jpg?_nc_cat=102&amp;_nc_eui2=AeESg7Ln9eSNzu59aclycROX9Pxa0YKJNr4xYr9PE3Y2tle83Ajdp008f1_-kDN5qS91lAnfAtrSMVcZm2pmUAzsBSd-9Fx3jX6_R0iPVyOnvA&amp;_nc_oc=AQl50Yw1IeKkmmL4iqPmgCO1aKm8IRxS6d6aK5mt_ZhA71tm3mWCffz5UCMMGAbSgc0&amp;_nc_ht=scontent.fmtt1-1.fna&amp;oh=b84e9703deb0f660de19e9d62159e232&amp;oe=5DC9EFA5\" alt=\"\" \/><\/p>\n<p><img decoding=\"async\" class=\"img\" src=\"https:\/\/scontent.fmtt1-1.fna.fbcdn.net\/v\/t1.15752-9\/69540671_410051379861346_3853326292967489536_n.jpg?_nc_cat=111&amp;_nc_eui2=AeF3BiHp4IollnJPQKkXYzHLI3KwBIYTb7HAJ0Fu7203zDj4SAV1NdE5e-FB44W7Ao8Pm-5Xri3z1tsPHWv5mSuaQoaFo8XkmD9Z-ZF444E-9Q&amp;_nc_oc=AQlO7p6I9TvTsXVLQbtH_8gledKQV_knGVemFJnX8RlnFFKK-UezyUPriGG-za5WITs&amp;_nc_ht=scontent.fmtt1-1.fna&amp;oh=727da5dd16043ec3ebecb3a6594bfca6&amp;oe=5E0D2D02\" alt=\"\" \/><\/p>\n","protected":false},"excerpt":{"rendered":"<p>El viernes 30 de Agosto y por iniciativa del Festival de Cine Oro Negro con la Fundaci\u00f3n Chico Balderas a trav\u00e9s de su programa Nanchital Ambiental, el Ayuntamiento de esta ciudad que preside la Dra. Zoila Balderas Guzm\u00e1n, respalda la realizaci\u00f3n del cuarto reciclat\u00f3n. Este evento se llevar\u00e1 a cabo de 2 a 5 de&hellip; <br \/> <a class=\"read-more\" href=\"https:\/\/www.nanchital.gob.mx\/wp-nanchital\/realizaran-cuarto-reciclaton-de-material-reciclable-en-nanchital\/\">Leer m\u00e1s<\/a><\/p>\n","protected":false},"author":7,"featured_media":8696,"comment_status":"closed","ping_status":"closed","sticky":false,"template":"","format":"standard","meta":{"footnotes":""},"categories":[4],"tags":[],"class_list":["post-8694","post","type-post","status-publish","format-standard","has-post-thumbnail","hentry","category-noticias"],"_links":{"self":[{"href":"https:\/\/www.nanchital.gob.mx\/wp-nanchital\/wp-json\/wp\/v2\/posts\/8694","targetHints":{"allow":["GET"]}}],"collection":[{"href":"https:\/\/www.nanchital.gob.mx\/wp-nanchital\/wp-json\/wp\/v2\/posts"}],"about":[{"href":"https:\/\/www.nanchital.gob.mx\/wp-nanchital\/wp-json\/wp\/v2\/types\/post"}],"author":[{"embeddable":true,"href":"https:\/\/www.nanchital.gob.mx\/wp-nanchital\/wp-json\/wp\/v2\/users\/7"}],"replies":[{"embeddable":true,"href":"https:\/\/www.nanchital.gob.mx\/wp-nanchital\/wp-json\/wp\/v2\/comments?post=8694"}],"version-history":[{"count":1,"href":"https:\/\/www.nanchital.gob.mx\/wp-nanchital\/wp-json\/wp\/v2\/posts\/8694\/revisions"}],"predecessor-version":[{"id":8697,"href":"https:\/\/www.nanchital.gob.mx\/wp-nanchital\/wp-json\/wp\/v2\/posts\/8694\/revisions\/8697"}],"wp:featuredmedia":[{"embeddable":true,"href":"https:\/\/www.nanchital.gob.mx\/wp-nanchital\/wp-json\/wp\/v2\/media\/8696"}],"wp:attachment":[{"href":"https:\/\/www.nanchital.gob.mx\/wp-nanchital\/wp-json\/wp\/v2\/media?parent=8694"}],"wp:term":[{"taxonomy":"category","embeddable":true,"href":"https:\/\/www.nanchital.gob.mx\/wp-nanchital\/wp-json\/wp\/v2\/categories?post=8694"},{"taxonomy":"post_tag","embeddable":true,"href":"https:\/\/www.nanchital.gob.mx\/wp-nanchital\/wp-json\/wp\/v2\/tags?post=8694"}],"curies":[{"name":"wp","href":"https:\/\/api.w.org\/{rel}","templated":true}]}}