{"id":8686,"date":"2019-08-29T12:24:49","date_gmt":"2019-08-29T18:24:49","guid":{"rendered":"http:\/\/www.nanchital.gob.mx\/?p=8686"},"modified":"2019-08-29T12:24:49","modified_gmt":"2019-08-29T18:24:49","slug":"brindan-mantenimiento-a-casa-de-la-san-regino","status":"publish","type":"post","link":"https:\/\/www.nanchital.gob.mx\/wp-nanchital\/brindan-mantenimiento-a-casa-de-la-san-regino\/","title":{"rendered":"Brindan mantenimiento a casa de la San Regino"},"content":{"rendered":"<p>El Gobierno Municipal que preside la Dra. Zoila Balderas Guzm\u00e1n, contin\u00faa con el Programa de Rehabilitaci\u00f3n de Casas, con el que apoya a ciudadanos de escasos recursos, a trav\u00e9s de la Direcci\u00f3n de Desarrollo Social. Con el apoyo de Mantenimiento Civil y el DIF Municipal, en esta ocasi\u00f3n se apoy\u00f3 a la se\u00f1ora Ciria Mart\u00ednez Uscanga con la poda de \u00e1rboles, deshierbe y limpieza del patio, mantenimiento a su ba\u00f1o, as\u00ed como atenci\u00f3n m\u00e9dica, alimentos e inscripci\u00f3n al INAPAM.<\/p>\n<p>\u201cEn esta ocasi\u00f3n realizamos un trabajo de mantenimiento a la casa de la se\u00f1ora Ciria de San Regino, quien tiene algunas limitantes y padecimientos de su edad, pero gracias a las visitas que realizamos en las colonias, pudimos dar con ella y apoyarla a trav\u00e9s del Programa de Rehabilitaci\u00f3n de Casas\u201d coment\u00f3 Seiri Cruz P\u00e9rez, Directora de Desarrollo Social.<\/p>\n<p><img decoding=\"async\" class=\"img\" src=\"https:\/\/scontent.fmtt1-1.fna.fbcdn.net\/v\/t1.15752-9\/69269754_486537321896763_8313939409443487744_n.jpg?_nc_cat=109&amp;_nc_eui2=AeGVtq2gYuQYwgJl-os01-CTzdLWXlJ-7hDUD1D48H-nQi38qMiFvCm3vEebgHlljqS2fRaNWD_Q_TP5irneRODBOwtAcGCxRVGHw5F4TzHHww&amp;_nc_oc=AQn0JKiFcJs-Bx9pgqXHYKK0kvv1gRSveoD6EENpZ8XVau-hx-csO9S2EHXIcdNdGuA&amp;_nc_ht=scontent.fmtt1-1.fna&amp;oh=009fe60e406169a4ab05a607f7278cdd&amp;oe=5E1633FB\" alt=\"\" \/><\/p>\n","protected":false},"excerpt":{"rendered":"<p>El Gobierno Municipal que preside la Dra. Zoila Balderas Guzm\u00e1n, contin\u00faa con el Programa de Rehabilitaci\u00f3n de Casas, con el que apoya a ciudadanos de escasos recursos, a trav\u00e9s de la Direcci\u00f3n de Desarrollo Social. Con el apoyo de Mantenimiento Civil y el DIF Municipal, en esta ocasi\u00f3n se apoy\u00f3 a la se\u00f1ora Ciria Mart\u00ednez&hellip; <br \/> <a class=\"read-more\" href=\"https:\/\/www.nanchital.gob.mx\/wp-nanchital\/brindan-mantenimiento-a-casa-de-la-san-regino\/\">Leer m\u00e1s<\/a><\/p>\n","protected":false},"author":7,"featured_media":8689,"comment_status":"closed","ping_status":"closed","sticky":false,"template":"","format":"standard","meta":{"footnotes":""},"categories":[4],"tags":[],"class_list":["post-8686","post","type-post","status-publish","format-standard","has-post-thumbnail","hentry","category-noticias"],"_links":{"self":[{"href":"https:\/\/www.nanchital.gob.mx\/wp-nanchital\/wp-json\/wp\/v2\/posts\/8686","targetHints":{"allow":["GET"]}}],"collection":[{"href":"https:\/\/www.nanchital.gob.mx\/wp-nanchital\/wp-json\/wp\/v2\/posts"}],"about":[{"href":"https:\/\/www.nanchital.gob.mx\/wp-nanchital\/wp-json\/wp\/v2\/types\/post"}],"author":[{"embeddable":true,"href":"https:\/\/www.nanchital.gob.mx\/wp-nanchital\/wp-json\/wp\/v2\/users\/7"}],"replies":[{"embeddable":true,"href":"https:\/\/www.nanchital.gob.mx\/wp-nanchital\/wp-json\/wp\/v2\/comments?post=8686"}],"version-history":[{"count":1,"href":"https:\/\/www.nanchital.gob.mx\/wp-nanchital\/wp-json\/wp\/v2\/posts\/8686\/revisions"}],"predecessor-version":[{"id":8690,"href":"https:\/\/www.nanchital.gob.mx\/wp-nanchital\/wp-json\/wp\/v2\/posts\/8686\/revisions\/8690"}],"wp:featuredmedia":[{"embeddable":true,"href":"https:\/\/www.nanchital.gob.mx\/wp-nanchital\/wp-json\/wp\/v2\/media\/8689"}],"wp:attachment":[{"href":"https:\/\/www.nanchital.gob.mx\/wp-nanchital\/wp-json\/wp\/v2\/media?parent=8686"}],"wp:term":[{"taxonomy":"category","embeddable":true,"href":"https:\/\/www.nanchital.gob.mx\/wp-nanchital\/wp-json\/wp\/v2\/categories?post=8686"},{"taxonomy":"post_tag","embeddable":true,"href":"https:\/\/www.nanchital.gob.mx\/wp-nanchital\/wp-json\/wp\/v2\/tags?post=8686"}],"curies":[{"name":"wp","href":"https:\/\/api.w.org\/{rel}","templated":true}]}}