{"id":8682,"date":"2019-08-29T12:21:44","date_gmt":"2019-08-29T18:21:44","guid":{"rendered":"http:\/\/www.nanchital.gob.mx\/?p=8682"},"modified":"2019-08-29T12:21:44","modified_gmt":"2019-08-29T18:21:44","slug":"inician-la-semana-de-sensibilizacion-del-cancer-de-cuello-uterino","status":"publish","type":"post","link":"https:\/\/www.nanchital.gob.mx\/wp-nanchital\/inician-la-semana-de-sensibilizacion-del-cancer-de-cuello-uterino\/","title":{"rendered":"Inician la semana de sensibilizaci\u00f3n del c\u00e1ncer de cuello uterino"},"content":{"rendered":"<p>Autoridades de la Secretar\u00eda de Salud de Veracruz con el apoyo del Gobierno Municipal que preside la Dra. Zoila Balderas Guzm\u00e1n, dieron inicio a la semana se sensibilizaci\u00f3n del c\u00e1ncer de cuello uterino o cervicouterino que ser\u00e1 del 26 al 31 de agosto. En este evento participaron mujeres que recibieron informaci\u00f3n sobre las medidas preventivas para evitar este terrible mal que cobra la vida de muchas mujeres, sobre todo mayores de 30 a\u00f1os, donde de acuerdo a cifras oficiales, se ha incrementado a partir de los 35 a\u00f1os, siendo el 30 por cierto de los casos de los 50 a 59 a\u00f1os.<\/p>\n<p><img \/>\u201cInvitamos no s\u00f3lo a mujeres sino a los hombres tambi\u00e9n a que est\u00e9n informados sobre las medidas de prevenci\u00f3n de este c\u00e1ncer, es importante que como sociedad participemos con las vacunas, haci\u00e9ndose los ex\u00e1menes y mejorando nuestros h\u00e1bitos para contrarrestar esta enfermedad\u201d inform\u00f3 la Dra. Erika P\u00e9rez Salinas, Directora del Centro de Salud Urbano Nanchital.<\/p>\n<p><img decoding=\"async\" class=\"img\" src=\"https:\/\/scontent.fmtt1-1.fna.fbcdn.net\/v\/t1.15752-9\/69115158_1495085387300402_911258383649079296_n.jpg?_nc_cat=108&amp;_nc_eui2=AeHxABwosRC4cNpSKUDb3kaY5BEXCQChigiB47jLzVwnVDLwOlNJl9-Jca-a8L0FgqYV7-wJwE9F2k2Dipw4W_NuF_uXt29g_USQ8oMqOgh_3g&amp;_nc_oc=AQnQGBF5jK24ZysT5OCRG0eTMPMRWGP2HjMq7DtZD4Zb0qU6oHD43ywGQqysM485eSg&amp;_nc_ht=scontent.fmtt1-1.fna&amp;oh=c58ecf520144d0d0f8755b518b9dc239&amp;oe=5DD233B4\" alt=\"\" \/><\/p>\n","protected":false},"excerpt":{"rendered":"<p>Autoridades de la Secretar\u00eda de Salud de Veracruz con el apoyo del Gobierno Municipal que preside la Dra. Zoila Balderas Guzm\u00e1n, dieron inicio a la semana se sensibilizaci\u00f3n del c\u00e1ncer de cuello uterino o cervicouterino que ser\u00e1 del 26 al 31 de agosto. En este evento participaron mujeres que recibieron informaci\u00f3n sobre las medidas preventivas&hellip; <br \/> <a class=\"read-more\" href=\"https:\/\/www.nanchital.gob.mx\/wp-nanchital\/inician-la-semana-de-sensibilizacion-del-cancer-de-cuello-uterino\/\">Leer m\u00e1s<\/a><\/p>\n","protected":false},"author":7,"featured_media":8684,"comment_status":"closed","ping_status":"closed","sticky":false,"template":"","format":"standard","meta":{"footnotes":""},"categories":[4],"tags":[],"class_list":["post-8682","post","type-post","status-publish","format-standard","has-post-thumbnail","hentry","category-noticias"],"_links":{"self":[{"href":"https:\/\/www.nanchital.gob.mx\/wp-nanchital\/wp-json\/wp\/v2\/posts\/8682","targetHints":{"allow":["GET"]}}],"collection":[{"href":"https:\/\/www.nanchital.gob.mx\/wp-nanchital\/wp-json\/wp\/v2\/posts"}],"about":[{"href":"https:\/\/www.nanchital.gob.mx\/wp-nanchital\/wp-json\/wp\/v2\/types\/post"}],"author":[{"embeddable":true,"href":"https:\/\/www.nanchital.gob.mx\/wp-nanchital\/wp-json\/wp\/v2\/users\/7"}],"replies":[{"embeddable":true,"href":"https:\/\/www.nanchital.gob.mx\/wp-nanchital\/wp-json\/wp\/v2\/comments?post=8682"}],"version-history":[{"count":1,"href":"https:\/\/www.nanchital.gob.mx\/wp-nanchital\/wp-json\/wp\/v2\/posts\/8682\/revisions"}],"predecessor-version":[{"id":8685,"href":"https:\/\/www.nanchital.gob.mx\/wp-nanchital\/wp-json\/wp\/v2\/posts\/8682\/revisions\/8685"}],"wp:featuredmedia":[{"embeddable":true,"href":"https:\/\/www.nanchital.gob.mx\/wp-nanchital\/wp-json\/wp\/v2\/media\/8684"}],"wp:attachment":[{"href":"https:\/\/www.nanchital.gob.mx\/wp-nanchital\/wp-json\/wp\/v2\/media?parent=8682"}],"wp:term":[{"taxonomy":"category","embeddable":true,"href":"https:\/\/www.nanchital.gob.mx\/wp-nanchital\/wp-json\/wp\/v2\/categories?post=8682"},{"taxonomy":"post_tag","embeddable":true,"href":"https:\/\/www.nanchital.gob.mx\/wp-nanchital\/wp-json\/wp\/v2\/tags?post=8682"}],"curies":[{"name":"wp","href":"https:\/\/api.w.org\/{rel}","templated":true}]}}