{"id":7094,"date":"2019-05-06T11:18:05","date_gmt":"2019-05-06T17:18:05","guid":{"rendered":"http:\/\/www.nanchital.gob.mx\/?p=7094"},"modified":"2019-05-06T11:18:05","modified_gmt":"2019-05-06T17:18:05","slug":"lalo-espana-visito-nanchital-durante-el-festival-oro-negro","status":"publish","type":"post","link":"https:\/\/www.nanchital.gob.mx\/wp-nanchital\/lalo-espana-visito-nanchital-durante-el-festival-oro-negro\/","title":{"rendered":"Lalo Espa\u00f1a visit\u00f3 Nanchital durante el festival Oro Negro"},"content":{"rendered":"<p>Como parte de las actividades que el Festival de Cine Oro Negro llev\u00f3 a cabo en Nanchital, el actor Eduardo Espa\u00f1a, estuvo en el COBAEV 34 para brindar una charla y convivencia con j\u00f3venes de preparatoria y p\u00fablico que se dio cita en las instalaciones del plantel. En el evento el actor que da vida a personajes como \u201cGerm\u00e1n\u201d de la serie Vecinos o a \u201cDo\u00f1a Margara Francisca\u201d comparti\u00f3 con los estudiantes, parte de su experiencia de vida en la dif\u00edcil carrera de la actuaci\u00f3n, invit\u00e1ndolos a luchar por cumplir sus sue\u00f1os, prepararse arduamente y no dejarse amedrentar por nadie para tener \u00e9xito.<\/p>\n<p>\u201cAgradezco el gran apoyo de la alcaldesa Dra. Zoila Balderas Guzm\u00e1n para realizar nuestra cuarta edici\u00f3n en Nanchital, sin duda la presencia de Lalo Espa\u00f1a le dar\u00e1 a los j\u00f3venes una mejor perspectiva de la vida y al municipio una gran proyecci\u00f3n\u201d afirm\u00f3 Johnny Ol\u00e1n, director del Festival de Cine Oro Negro.<\/p>\n<p>Tambi\u00e9n en el plantel hubo exhibici\u00f3n de realidad virtual por la agencia Vortex Vr de la Ciudad de M\u00e9xico, quienes previamente hab\u00edan visitado al CADI Sonrisas del DIF Municipal, en el que los peque\u00f1os pudieron tener su primera experiencia en el oc\u00e9ano y en el espacio. Finalmente la cuarta edici\u00f3n del Festival de Cine Oro Negro culmin\u00f3 sus actividades en esta ciudad en el parque Benito Ju\u00e1rez con la proyecci\u00f3n del Festival Oft\u00e1lmica Ni\u00f1os de Xalapa.<\/p>\n<p><img decoding=\"async\" class=\"img\" src=\"https:\/\/scontent.fpbc2-1.fna.fbcdn.net\/v\/t1.15752-9\/59450349_542515582938980_2599263539810009088_n.jpg?_nc_cat=111&amp;_nc_ht=scontent.fpbc2-1.fna&amp;oh=ae1d7e9980e039a0f38d4836fb13c804&amp;oe=5D30C144\" alt=\"\" \/><\/p>\n","protected":false},"excerpt":{"rendered":"<p>Como parte de las actividades que el Festival de Cine Oro Negro llev\u00f3 a cabo en Nanchital, el actor Eduardo Espa\u00f1a, estuvo en el COBAEV 34 para brindar una charla y convivencia con j\u00f3venes de preparatoria y p\u00fablico que se dio cita en las instalaciones del plantel. En el evento el actor que da vida&hellip; <br \/> <a class=\"read-more\" href=\"https:\/\/www.nanchital.gob.mx\/wp-nanchital\/lalo-espana-visito-nanchital-durante-el-festival-oro-negro\/\">Leer m\u00e1s<\/a><\/p>\n","protected":false},"author":7,"featured_media":7096,"comment_status":"closed","ping_status":"closed","sticky":false,"template":"","format":"standard","meta":{"footnotes":""},"categories":[4],"tags":[],"class_list":["post-7094","post","type-post","status-publish","format-standard","has-post-thumbnail","hentry","category-noticias"],"_links":{"self":[{"href":"https:\/\/www.nanchital.gob.mx\/wp-nanchital\/wp-json\/wp\/v2\/posts\/7094","targetHints":{"allow":["GET"]}}],"collection":[{"href":"https:\/\/www.nanchital.gob.mx\/wp-nanchital\/wp-json\/wp\/v2\/posts"}],"about":[{"href":"https:\/\/www.nanchital.gob.mx\/wp-nanchital\/wp-json\/wp\/v2\/types\/post"}],"author":[{"embeddable":true,"href":"https:\/\/www.nanchital.gob.mx\/wp-nanchital\/wp-json\/wp\/v2\/users\/7"}],"replies":[{"embeddable":true,"href":"https:\/\/www.nanchital.gob.mx\/wp-nanchital\/wp-json\/wp\/v2\/comments?post=7094"}],"version-history":[{"count":1,"href":"https:\/\/www.nanchital.gob.mx\/wp-nanchital\/wp-json\/wp\/v2\/posts\/7094\/revisions"}],"predecessor-version":[{"id":7097,"href":"https:\/\/www.nanchital.gob.mx\/wp-nanchital\/wp-json\/wp\/v2\/posts\/7094\/revisions\/7097"}],"wp:featuredmedia":[{"embeddable":true,"href":"https:\/\/www.nanchital.gob.mx\/wp-nanchital\/wp-json\/wp\/v2\/media\/7096"}],"wp:attachment":[{"href":"https:\/\/www.nanchital.gob.mx\/wp-nanchital\/wp-json\/wp\/v2\/media?parent=7094"}],"wp:term":[{"taxonomy":"category","embeddable":true,"href":"https:\/\/www.nanchital.gob.mx\/wp-nanchital\/wp-json\/wp\/v2\/categories?post=7094"},{"taxonomy":"post_tag","embeddable":true,"href":"https:\/\/www.nanchital.gob.mx\/wp-nanchital\/wp-json\/wp\/v2\/tags?post=7094"}],"curies":[{"name":"wp","href":"https:\/\/api.w.org\/{rel}","templated":true}]}}