{"id":7082,"date":"2019-05-03T07:49:20","date_gmt":"2019-05-03T13:49:20","guid":{"rendered":"http:\/\/www.nanchital.gob.mx\/?p=7082"},"modified":"2019-05-03T07:49:20","modified_gmt":"2019-05-03T13:49:20","slug":"gran-festejo-del-dia-del-nino-en-nanchital","status":"publish","type":"post","link":"https:\/\/www.nanchital.gob.mx\/wp-nanchital\/gran-festejo-del-dia-del-nino-en-nanchital\/","title":{"rendered":"Gran festejo del d\u00eda del ni\u00f1o en Nanchital"},"content":{"rendered":"<p>El Gobierno Municipal de Nanchital que preside la Dra. Zoila Balderas Guzm\u00e1n realiz\u00f3 un magno festejo para celebrar el D\u00eda del Ni\u00f1o, en el que miles de peque\u00f1os se dieron cita en el Auditorio Municipal.<\/p>\n<p>En el evento hubieron payasos, regalos y mucha diversi\u00f3n, en el que personal del Ayuntamiento, del DIF Municipal, Casa de Cultura, el preescolar Rosaura Zapata y la Primaria Art\u00edculo 123 Matutina 2, cerraron con broche de oro el programa dedicado a Cri-Cr\u00ed el grillito cantor. Los ni\u00f1os tanto de la cabecera municipal como de las diferentes congregaciones y ejido del municipio disfrutaron de los dulces y de una rifa en la que ganaron bicicletas, patines y otras sorpresas m\u00e1s.<\/p>\n<p>\u201cEstamos muy contentos de poder brindar alegr\u00eda a todos nuestros ni\u00f1os, su sonrisa nos motiva y compromete siempre a dar lo mejor, para este Gobierno la prioridad son los ni\u00f1os y j\u00f3venes, por ello promovemos el deporte, la sana convivencia entre las familias, y seguiremos trabajando por mejorar la calidad de vida de todos los habitantes de Nanchital\u201d afirm\u00f3 la Dra. Zoila Balderas Guzman, alcaldesa de Nanchital.<\/p>\n<p>El evento tambi\u00e9n sirvi\u00f3 como marco para reconocer a destacados atletas infantiles, como es el caso de Daniela De la Cruz Hern\u00e1ndez, Andrik Santiago Torres, Mia Jim\u00e9nez L\u00f3pez, Itzayana Ayala Rosaldo, Ricardo Antonio Vel\u00e1zquez Fuentes, Omar Alberto Alvarado Aquino y Lourdes Illescas Jaimes, quienes ganaron primeros lugares en competencias de atletismo a nivel Preestatal.<\/p>\n<p>&nbsp;<\/p>\n<p><img fetchpriority=\"high\" decoding=\"async\" class=\" wp-image-7084 aligncenter\" src=\"http:\/\/www.nanchital.gob.mx\/wp-content\/uploads\/WhatsApp-Image-2019-05-03-at-5.55.26-AM-300x200.jpeg\" alt=\"\" width=\"785\" height=\"523\" srcset=\"https:\/\/www.nanchital.gob.mx\/wp-nanchital\/wp-content\/uploads\/WhatsApp-Image-2019-05-03-at-5.55.26-AM-300x200.jpeg 300w, https:\/\/www.nanchital.gob.mx\/wp-nanchital\/wp-content\/uploads\/WhatsApp-Image-2019-05-03-at-5.55.26-AM-768x512.jpeg 768w, https:\/\/www.nanchital.gob.mx\/wp-nanchital\/wp-content\/uploads\/WhatsApp-Image-2019-05-03-at-5.55.26-AM.jpeg 1024w\" sizes=\"(max-width: 785px) 100vw, 785px\" \/><\/p>\n","protected":false},"excerpt":{"rendered":"<p>El Gobierno Municipal de Nanchital que preside la Dra. Zoila Balderas Guzm\u00e1n realiz\u00f3 un magno festejo para celebrar el D\u00eda del Ni\u00f1o, en el que miles de peque\u00f1os se dieron cita en el Auditorio Municipal. En el evento hubieron payasos, regalos y mucha diversi\u00f3n, en el que personal del Ayuntamiento, del DIF Municipal, Casa de&hellip; <br \/> <a class=\"read-more\" href=\"https:\/\/www.nanchital.gob.mx\/wp-nanchital\/gran-festejo-del-dia-del-nino-en-nanchital\/\">Leer m\u00e1s<\/a><\/p>\n","protected":false},"author":7,"featured_media":7085,"comment_status":"closed","ping_status":"closed","sticky":false,"template":"","format":"standard","meta":{"footnotes":""},"categories":[4],"tags":[],"class_list":["post-7082","post","type-post","status-publish","format-standard","has-post-thumbnail","hentry","category-noticias"],"_links":{"self":[{"href":"https:\/\/www.nanchital.gob.mx\/wp-nanchital\/wp-json\/wp\/v2\/posts\/7082","targetHints":{"allow":["GET"]}}],"collection":[{"href":"https:\/\/www.nanchital.gob.mx\/wp-nanchital\/wp-json\/wp\/v2\/posts"}],"about":[{"href":"https:\/\/www.nanchital.gob.mx\/wp-nanchital\/wp-json\/wp\/v2\/types\/post"}],"author":[{"embeddable":true,"href":"https:\/\/www.nanchital.gob.mx\/wp-nanchital\/wp-json\/wp\/v2\/users\/7"}],"replies":[{"embeddable":true,"href":"https:\/\/www.nanchital.gob.mx\/wp-nanchital\/wp-json\/wp\/v2\/comments?post=7082"}],"version-history":[{"count":1,"href":"https:\/\/www.nanchital.gob.mx\/wp-nanchital\/wp-json\/wp\/v2\/posts\/7082\/revisions"}],"predecessor-version":[{"id":7086,"href":"https:\/\/www.nanchital.gob.mx\/wp-nanchital\/wp-json\/wp\/v2\/posts\/7082\/revisions\/7086"}],"wp:featuredmedia":[{"embeddable":true,"href":"https:\/\/www.nanchital.gob.mx\/wp-nanchital\/wp-json\/wp\/v2\/media\/7085"}],"wp:attachment":[{"href":"https:\/\/www.nanchital.gob.mx\/wp-nanchital\/wp-json\/wp\/v2\/media?parent=7082"}],"wp:term":[{"taxonomy":"category","embeddable":true,"href":"https:\/\/www.nanchital.gob.mx\/wp-nanchital\/wp-json\/wp\/v2\/categories?post=7082"},{"taxonomy":"post_tag","embeddable":true,"href":"https:\/\/www.nanchital.gob.mx\/wp-nanchital\/wp-json\/wp\/v2\/tags?post=7082"}],"curies":[{"name":"wp","href":"https:\/\/api.w.org\/{rel}","templated":true}]}}