{"id":6972,"date":"2019-04-30T14:02:55","date_gmt":"2019-04-30T20:02:55","guid":{"rendered":"http:\/\/www.nanchital.gob.mx\/?p=6972"},"modified":"2019-04-30T14:02:55","modified_gmt":"2019-04-30T20:02:55","slug":"arreglan-drenaje-en-la-colonia-tepeyac","status":"publish","type":"post","link":"https:\/\/www.nanchital.gob.mx\/wp-nanchital\/arreglan-drenaje-en-la-colonia-tepeyac\/","title":{"rendered":"Arreglan drenaje en la colonia Tepeyac"},"content":{"rendered":"<p>El Gobierno Municipal que preside la Dra. Zoila Balderas Guzm\u00e1n, atendi\u00f3 una solicitud de los vecinos del callej\u00f3n L\u00f3pez Ray\u00f3n en la colonia Tepeyac, que presentaron a finales de abril, en la que expon\u00edan un colapso en su drenaje, que provoc\u00f3 que aguas negras se metieran a un domicilio. Tal como lo expusieron los vecinos, la l\u00ednea de drenaje instalada el 10 de junio de 1995, lleg\u00f3 al fin de su vida \u00fatil, lo que provoc\u00f3 una ruptura y socavamiento de la l\u00ednea, que perjudic\u00f3 el domicilio de una vecina, por lo que si el problema no era atendido oportunamente, podr\u00eda haberse extendido a m\u00e1s habitantes de la colonia. Por instrucciones de la alcaldesa, el departamento de mantenimiento civil, acudi\u00f3 a realizar la inspecci\u00f3n ocular, para despu\u00e9s llevar a cabo los trabajos necesarios para la correcci\u00f3n del problema, colocando una tuber\u00eda de PVC y arreglando el brocal del drenaje.<\/p>\n<p><img decoding=\"async\" class=\"img\" src=\"https:\/\/scontent.fpbc2-1.fna.fbcdn.net\/v\/t1.15752-9\/58616569_2009458469180334_4319085113620037632_n.jpg?_nc_cat=102&amp;_nc_eui2=AeELSDeQAu_-ENdw2wVPhgSiH64MdbmMO6FmT0aMmiorBIN4-49Dwo-xxDnjBhhWtE0sXcf2DCxOZgkPDeijhYyRLVsSBxSrywrqAdmuvXCUEw&amp;_nc_ht=scontent.fpbc2-1.fna&amp;oh=25850717b05394eafa82e95c6f3c27cd&amp;oe=5D30DBEF\" alt=\"\" \/><\/p>\n","protected":false},"excerpt":{"rendered":"<p>El Gobierno Municipal que preside la Dra. Zoila Balderas Guzm\u00e1n, atendi\u00f3 una solicitud de los vecinos del callej\u00f3n L\u00f3pez Ray\u00f3n en la colonia Tepeyac, que presentaron a finales de abril, en la que expon\u00edan un colapso en su drenaje, que provoc\u00f3 que aguas negras se metieran a un domicilio. Tal como lo expusieron los vecinos,&hellip; <br \/> <a class=\"read-more\" href=\"https:\/\/www.nanchital.gob.mx\/wp-nanchital\/arreglan-drenaje-en-la-colonia-tepeyac\/\">Leer m\u00e1s<\/a><\/p>\n","protected":false},"author":7,"featured_media":6974,"comment_status":"closed","ping_status":"closed","sticky":false,"template":"","format":"standard","meta":{"footnotes":""},"categories":[4],"tags":[],"class_list":["post-6972","post","type-post","status-publish","format-standard","has-post-thumbnail","hentry","category-noticias"],"_links":{"self":[{"href":"https:\/\/www.nanchital.gob.mx\/wp-nanchital\/wp-json\/wp\/v2\/posts\/6972","targetHints":{"allow":["GET"]}}],"collection":[{"href":"https:\/\/www.nanchital.gob.mx\/wp-nanchital\/wp-json\/wp\/v2\/posts"}],"about":[{"href":"https:\/\/www.nanchital.gob.mx\/wp-nanchital\/wp-json\/wp\/v2\/types\/post"}],"author":[{"embeddable":true,"href":"https:\/\/www.nanchital.gob.mx\/wp-nanchital\/wp-json\/wp\/v2\/users\/7"}],"replies":[{"embeddable":true,"href":"https:\/\/www.nanchital.gob.mx\/wp-nanchital\/wp-json\/wp\/v2\/comments?post=6972"}],"version-history":[{"count":1,"href":"https:\/\/www.nanchital.gob.mx\/wp-nanchital\/wp-json\/wp\/v2\/posts\/6972\/revisions"}],"predecessor-version":[{"id":6975,"href":"https:\/\/www.nanchital.gob.mx\/wp-nanchital\/wp-json\/wp\/v2\/posts\/6972\/revisions\/6975"}],"wp:featuredmedia":[{"embeddable":true,"href":"https:\/\/www.nanchital.gob.mx\/wp-nanchital\/wp-json\/wp\/v2\/media\/6974"}],"wp:attachment":[{"href":"https:\/\/www.nanchital.gob.mx\/wp-nanchital\/wp-json\/wp\/v2\/media?parent=6972"}],"wp:term":[{"taxonomy":"category","embeddable":true,"href":"https:\/\/www.nanchital.gob.mx\/wp-nanchital\/wp-json\/wp\/v2\/categories?post=6972"},{"taxonomy":"post_tag","embeddable":true,"href":"https:\/\/www.nanchital.gob.mx\/wp-nanchital\/wp-json\/wp\/v2\/tags?post=6972"}],"curies":[{"name":"wp","href":"https:\/\/api.w.org\/{rel}","templated":true}]}}