{"id":6647,"date":"2019-04-01T11:19:13","date_gmt":"2019-04-01T17:19:13","guid":{"rendered":"http:\/\/www.nanchital.gob.mx\/?p=6647"},"modified":"2019-04-01T11:19:13","modified_gmt":"2019-04-01T17:19:13","slug":"reunen-mas-de-850-kilogramos-de-materiales-en-reciclaton","status":"publish","type":"post","link":"https:\/\/www.nanchital.gob.mx\/wp-nanchital\/reunen-mas-de-850-kilogramos-de-materiales-en-reciclaton\/","title":{"rendered":"Re\u00fanen m\u00e1s de 850 kilogramos de materiales en Reciclat\u00f3n"},"content":{"rendered":"<p>Buena respuesta de la ciudadan\u00eda obtuvo el primer Reciclat\u00f3n que organiz\u00f3 el Festival de Cine Oro Negro, con el apoyo del Ayuntamiento de Nanchital y el Sistema DIF Municipal, el pasado fin de semana en esta ciudad. Bajo el lema \u201cSalva el planeta apoya a la cultura\u201d, se convoc\u00f3 a la poblaci\u00f3n para que donara material para recicle como papel archivo, libros, revistas, cart\u00f3n, latas de aluminio y libretas usadas, los cuales a trav\u00e9s de Ecokaans, A.C. ser\u00e1n reciclados y con ello evitar que contaminen la ciudad. \u201cAgradecemos el apoyo de la Dra. Zoila Balderas Guzm\u00e1n, personal del Ayuntamiento y del DIF Municipal, por la aportaci\u00f3n que hicieron para este reciclat\u00f3n, esta vez logramos recaudar 750 kilogramos de papel, 103 de cart\u00f3n, 4 de aluminio y 2 de lat\u00f3n, es el primero que hacemos ac\u00e1 y vamos a continuar esta labor en pro del planeta y la cultura\u201d afirm\u00f3 Johnny Ol\u00e1n, Director del Festival de Cine Oro Negro. Para mayores informes de la recaudaci\u00f3n del material escribir whats app al 921 2841157.<\/p>\n<p><img decoding=\"async\" class=\"img\" src=\"https:\/\/scontent.fpbc2-1.fna.fbcdn.net\/v\/t1.15752-9\/55760056_593102294504962_2076431321122471936_n.jpg?_nc_cat=111&amp;_nc_ht=scontent.fpbc2-1.fna&amp;oh=cb479a262733ec45eb651034dce6cee3&amp;oe=5D46566C\" alt=\"\" \/><\/p>\n","protected":false},"excerpt":{"rendered":"<p>Buena respuesta de la ciudadan\u00eda obtuvo el primer Reciclat\u00f3n que organiz\u00f3 el Festival de Cine Oro Negro, con el apoyo del Ayuntamiento de Nanchital y el Sistema DIF Municipal, el pasado fin de semana en esta ciudad. Bajo el lema \u201cSalva el planeta apoya a la cultura\u201d, se convoc\u00f3 a la poblaci\u00f3n para que donara&hellip; <br \/> <a class=\"read-more\" href=\"https:\/\/www.nanchital.gob.mx\/wp-nanchital\/reunen-mas-de-850-kilogramos-de-materiales-en-reciclaton\/\">Leer m\u00e1s<\/a><\/p>\n","protected":false},"author":7,"featured_media":6649,"comment_status":"closed","ping_status":"closed","sticky":false,"template":"","format":"standard","meta":{"footnotes":""},"categories":[4],"tags":[],"class_list":["post-6647","post","type-post","status-publish","format-standard","has-post-thumbnail","hentry","category-noticias"],"_links":{"self":[{"href":"https:\/\/www.nanchital.gob.mx\/wp-nanchital\/wp-json\/wp\/v2\/posts\/6647","targetHints":{"allow":["GET"]}}],"collection":[{"href":"https:\/\/www.nanchital.gob.mx\/wp-nanchital\/wp-json\/wp\/v2\/posts"}],"about":[{"href":"https:\/\/www.nanchital.gob.mx\/wp-nanchital\/wp-json\/wp\/v2\/types\/post"}],"author":[{"embeddable":true,"href":"https:\/\/www.nanchital.gob.mx\/wp-nanchital\/wp-json\/wp\/v2\/users\/7"}],"replies":[{"embeddable":true,"href":"https:\/\/www.nanchital.gob.mx\/wp-nanchital\/wp-json\/wp\/v2\/comments?post=6647"}],"version-history":[{"count":1,"href":"https:\/\/www.nanchital.gob.mx\/wp-nanchital\/wp-json\/wp\/v2\/posts\/6647\/revisions"}],"predecessor-version":[{"id":6650,"href":"https:\/\/www.nanchital.gob.mx\/wp-nanchital\/wp-json\/wp\/v2\/posts\/6647\/revisions\/6650"}],"wp:featuredmedia":[{"embeddable":true,"href":"https:\/\/www.nanchital.gob.mx\/wp-nanchital\/wp-json\/wp\/v2\/media\/6649"}],"wp:attachment":[{"href":"https:\/\/www.nanchital.gob.mx\/wp-nanchital\/wp-json\/wp\/v2\/media?parent=6647"}],"wp:term":[{"taxonomy":"category","embeddable":true,"href":"https:\/\/www.nanchital.gob.mx\/wp-nanchital\/wp-json\/wp\/v2\/categories?post=6647"},{"taxonomy":"post_tag","embeddable":true,"href":"https:\/\/www.nanchital.gob.mx\/wp-nanchital\/wp-json\/wp\/v2\/tags?post=6647"}],"curies":[{"name":"wp","href":"https:\/\/api.w.org\/{rel}","templated":true}]}}