{"id":6638,"date":"2019-03-27T12:21:23","date_gmt":"2019-03-27T18:21:23","guid":{"rendered":"http:\/\/www.nanchital.gob.mx\/?p=6638"},"modified":"2019-03-27T12:21:23","modified_gmt":"2019-03-27T18:21:23","slug":"ayuntamiento-apoya-colecta-de-la-cruz-roja-nanchital","status":"publish","type":"post","link":"https:\/\/www.nanchital.gob.mx\/wp-nanchital\/ayuntamiento-apoya-colecta-de-la-cruz-roja-nanchital\/","title":{"rendered":"Ayuntamiento apoya colecta de la Cruz Roja Nanchital"},"content":{"rendered":"<p>La colecta de la Cruz Roja Mexicana Delegaci\u00f3n Nanchital dio inicio y el Gobierno Municipal de esta ciudad, que preside la Dra. Zoila Balderas Guzm\u00e1n, brind\u00f3 su respaldo con una aportaci\u00f3n econ\u00f3mica en la inauguraci\u00f3n de dicha actividad de procuraci\u00f3n de fondos. Con el lema \u201cLa Cruz Roja te llama\u201d, la benem\u00e9rita instituci\u00f3n, invita a empresarios, instituciones educativas y p\u00fablico en general, a sumarse con una aportaci\u00f3n econ\u00f3mica para sostener los servicios que presta este centro asistencial.<\/p>\n<p>\u201cComo Gobierno Municipal estamos comprometidos para apoyar a la Cruz Roja, por eso gestionamos con las tiendas Oxxo para que en los meses de Febrero, Marzo y Abril se aplique el redondeo a beneficio de esta instituci\u00f3n, y hoy acudimos a seguir aportando, por lo que invito a todos los habitantes de Nanchital, a darle la mano a la Cruz Roja\u201d manifest\u00f3 la Dra. Zoila Balderas Guzm\u00e1n, alcaldesa de esta ciudad.<\/p>\n<p><img decoding=\"async\" class=\"img\" src=\"https:\/\/scontent.fpbc2-1.fna.fbcdn.net\/v\/t1.15752-9\/55752369_631615967309072_5577319564217155584_n.jpg?_nc_cat=107&amp;_nc_ht=scontent.fpbc2-1.fna&amp;oh=e7d1a547722157ce4f03d2e02bd574ff&amp;oe=5D0CBC6C\" alt=\"\" \/><\/p>\n","protected":false},"excerpt":{"rendered":"<p>La colecta de la Cruz Roja Mexicana Delegaci\u00f3n Nanchital dio inicio y el Gobierno Municipal de esta ciudad, que preside la Dra. Zoila Balderas Guzm\u00e1n, brind\u00f3 su respaldo con una aportaci\u00f3n econ\u00f3mica en la inauguraci\u00f3n de dicha actividad de procuraci\u00f3n de fondos. Con el lema \u201cLa Cruz Roja te llama\u201d, la benem\u00e9rita instituci\u00f3n, invita a&hellip; <br \/> <a class=\"read-more\" href=\"https:\/\/www.nanchital.gob.mx\/wp-nanchital\/ayuntamiento-apoya-colecta-de-la-cruz-roja-nanchital\/\">Leer m\u00e1s<\/a><\/p>\n","protected":false},"author":7,"featured_media":6640,"comment_status":"closed","ping_status":"closed","sticky":false,"template":"","format":"standard","meta":{"footnotes":""},"categories":[4],"tags":[],"class_list":["post-6638","post","type-post","status-publish","format-standard","has-post-thumbnail","hentry","category-noticias"],"_links":{"self":[{"href":"https:\/\/www.nanchital.gob.mx\/wp-nanchital\/wp-json\/wp\/v2\/posts\/6638","targetHints":{"allow":["GET"]}}],"collection":[{"href":"https:\/\/www.nanchital.gob.mx\/wp-nanchital\/wp-json\/wp\/v2\/posts"}],"about":[{"href":"https:\/\/www.nanchital.gob.mx\/wp-nanchital\/wp-json\/wp\/v2\/types\/post"}],"author":[{"embeddable":true,"href":"https:\/\/www.nanchital.gob.mx\/wp-nanchital\/wp-json\/wp\/v2\/users\/7"}],"replies":[{"embeddable":true,"href":"https:\/\/www.nanchital.gob.mx\/wp-nanchital\/wp-json\/wp\/v2\/comments?post=6638"}],"version-history":[{"count":1,"href":"https:\/\/www.nanchital.gob.mx\/wp-nanchital\/wp-json\/wp\/v2\/posts\/6638\/revisions"}],"predecessor-version":[{"id":6641,"href":"https:\/\/www.nanchital.gob.mx\/wp-nanchital\/wp-json\/wp\/v2\/posts\/6638\/revisions\/6641"}],"wp:featuredmedia":[{"embeddable":true,"href":"https:\/\/www.nanchital.gob.mx\/wp-nanchital\/wp-json\/wp\/v2\/media\/6640"}],"wp:attachment":[{"href":"https:\/\/www.nanchital.gob.mx\/wp-nanchital\/wp-json\/wp\/v2\/media?parent=6638"}],"wp:term":[{"taxonomy":"category","embeddable":true,"href":"https:\/\/www.nanchital.gob.mx\/wp-nanchital\/wp-json\/wp\/v2\/categories?post=6638"},{"taxonomy":"post_tag","embeddable":true,"href":"https:\/\/www.nanchital.gob.mx\/wp-nanchital\/wp-json\/wp\/v2\/tags?post=6638"}],"curies":[{"name":"wp","href":"https:\/\/api.w.org\/{rel}","templated":true}]}}