{"id":6629,"date":"2019-03-26T13:52:44","date_gmt":"2019-03-26T19:52:44","guid":{"rendered":"http:\/\/www.nanchital.gob.mx\/?p=6629"},"modified":"2019-03-26T13:52:44","modified_gmt":"2019-03-26T19:52:44","slug":"avanzan-con-las-gestiones-de-las-zee-en-nanchital","status":"publish","type":"post","link":"https:\/\/www.nanchital.gob.mx\/wp-nanchital\/avanzan-con-las-gestiones-de-las-zee-en-nanchital\/","title":{"rendered":"Avanzan con las gestiones de las ZEE en Nanchital"},"content":{"rendered":"<p>Las actividades para que la Zona Econ\u00f3mica Especial en Nanchital se desarrolle, contin\u00faan por parte del Gobierno Municipal que encabeza la Dra. Zoila Balderas Guzm\u00e1n a trav\u00e9s de la Direcci\u00f3n de Desarrollo Econ\u00f3mico. Se realiz\u00f3 una reuni\u00f3n con el Lic. Eduardo Esteban Romero Fong Titular de la Unidad de Gesti\u00f3n Regulatoria de Incentivos y Servicios, la Lic. Jaqueline Tiburcio Castro Subdirectora de Permisos y Autorizaci\u00f3n ambos de las Zonas Econ\u00f3micas Especiales y del Programa de Desarrollo del Istmo de Tehuantepec de la Ciudad de M\u00e9xico, as\u00ed como del Ing. Fernando Cerda Secretario de Desarrollo Econ\u00f3mico y el Ing. Jorge Guisa Torres Director de Fomento Industrial de la ciudad de Coatzacoalcos. La visita tuvo la finalidad de Coordinar los Servicios que se prestar\u00e1n a trav\u00e9s de la Ventanilla \u00danica para facilitar los tr\u00e1mites que requieran hacer las empresas que deseen invertir en la regi\u00f3n.<\/p>\n<p>\u201cSeguimos coordin\u00e1ndonos con las entidades federales y de la regi\u00f3n, para que Nanchital tenga un beneficio importante con la conformaci\u00f3n de las Zonas Econ\u00f3micas Especiales, por ello esta reuni\u00f3n resulta provechosa para continuar con las gestiones que ha realizado la alcaldesa Dra. Zoila Balderas Guzm\u00e1n\u201d inform\u00f3 Guillermina Ochoa Mart\u00ednez, titular de Desarrollo Econ\u00f3mico.<\/p>\n<p><img decoding=\"async\" class=\"img\" src=\"https:\/\/scontent.fpbc2-1.fna.fbcdn.net\/v\/t1.15752-9\/53789493_317286795602400_6178794807347904512_n.jpg?_nc_cat=107&amp;_nc_ht=scontent.fpbc2-1.fna&amp;oh=246e554c52f3fd9b43fc1655c6426bce&amp;oe=5D15F1C9\" alt=\"\" \/><\/p>\n","protected":false},"excerpt":{"rendered":"<p>Las actividades para que la Zona Econ\u00f3mica Especial en Nanchital se desarrolle, contin\u00faan por parte del Gobierno Municipal que encabeza la Dra. Zoila Balderas Guzm\u00e1n a trav\u00e9s de la Direcci\u00f3n de Desarrollo Econ\u00f3mico. Se realiz\u00f3 una reuni\u00f3n con el Lic. Eduardo Esteban Romero Fong Titular de la Unidad de Gesti\u00f3n Regulatoria de Incentivos y Servicios,&hellip; <br \/> <a class=\"read-more\" href=\"https:\/\/www.nanchital.gob.mx\/wp-nanchital\/avanzan-con-las-gestiones-de-las-zee-en-nanchital\/\">Leer m\u00e1s<\/a><\/p>\n","protected":false},"author":7,"featured_media":6631,"comment_status":"closed","ping_status":"closed","sticky":false,"template":"","format":"standard","meta":{"footnotes":""},"categories":[4],"tags":[],"class_list":["post-6629","post","type-post","status-publish","format-standard","has-post-thumbnail","hentry","category-noticias"],"_links":{"self":[{"href":"https:\/\/www.nanchital.gob.mx\/wp-nanchital\/wp-json\/wp\/v2\/posts\/6629","targetHints":{"allow":["GET"]}}],"collection":[{"href":"https:\/\/www.nanchital.gob.mx\/wp-nanchital\/wp-json\/wp\/v2\/posts"}],"about":[{"href":"https:\/\/www.nanchital.gob.mx\/wp-nanchital\/wp-json\/wp\/v2\/types\/post"}],"author":[{"embeddable":true,"href":"https:\/\/www.nanchital.gob.mx\/wp-nanchital\/wp-json\/wp\/v2\/users\/7"}],"replies":[{"embeddable":true,"href":"https:\/\/www.nanchital.gob.mx\/wp-nanchital\/wp-json\/wp\/v2\/comments?post=6629"}],"version-history":[{"count":1,"href":"https:\/\/www.nanchital.gob.mx\/wp-nanchital\/wp-json\/wp\/v2\/posts\/6629\/revisions"}],"predecessor-version":[{"id":6633,"href":"https:\/\/www.nanchital.gob.mx\/wp-nanchital\/wp-json\/wp\/v2\/posts\/6629\/revisions\/6633"}],"wp:featuredmedia":[{"embeddable":true,"href":"https:\/\/www.nanchital.gob.mx\/wp-nanchital\/wp-json\/wp\/v2\/media\/6631"}],"wp:attachment":[{"href":"https:\/\/www.nanchital.gob.mx\/wp-nanchital\/wp-json\/wp\/v2\/media?parent=6629"}],"wp:term":[{"taxonomy":"category","embeddable":true,"href":"https:\/\/www.nanchital.gob.mx\/wp-nanchital\/wp-json\/wp\/v2\/categories?post=6629"},{"taxonomy":"post_tag","embeddable":true,"href":"https:\/\/www.nanchital.gob.mx\/wp-nanchital\/wp-json\/wp\/v2\/tags?post=6629"}],"curies":[{"name":"wp","href":"https:\/\/api.w.org\/{rel}","templated":true}]}}