{"id":6621,"date":"2019-03-25T12:11:09","date_gmt":"2019-03-25T18:11:09","guid":{"rendered":"http:\/\/www.nanchital.gob.mx\/?p=6621"},"modified":"2019-03-25T12:11:09","modified_gmt":"2019-03-25T18:11:09","slug":"colocaran-senaletica-vial-en-nanchital","status":"publish","type":"post","link":"https:\/\/www.nanchital.gob.mx\/wp-nanchital\/colocaran-senaletica-vial-en-nanchital\/","title":{"rendered":"Colocar\u00e1n se\u00f1al\u00e9tica vial en Nanchital"},"content":{"rendered":"<p>Con el objetivo de proteger a los estudiantes de posibles accidentes automovil\u00edsticos y promover una mejor cultura vial, el Ayuntamiento de Nanchital que preside la Dra. Zoila Balderas Guzm\u00e1n, realizar\u00e1 la colocaci\u00f3n de se\u00f1al\u00e9tica en las inmediaciones de las instituciones educativas del municipio. En un trabajo conjunto entre las Direcciones de Educaci\u00f3n y la de Tr\u00e1nsito y Vialidad municipal, se estar\u00e1n colocando estos se\u00f1alamientos en las escuelas de la ciudad, esperando que los conductores que a diario transitan cerca de las instituciones educativas las respeten y no haya accidentes.<\/p>\n<p>\u201cEstamos trabajando de varias maneras para apoyar a las escuelas, con jornadas de limpieza, de reforestaci\u00f3n, ahora estaremos colocando se\u00f1alamientos para que los automovilistas tengan mayor precauci\u00f3n y lo estudiantes est\u00e9n m\u00e1s seguros\u201d afirm\u00f3 Sandra Luz D\u00edaz Osorio titular de Educaci\u00f3n.<\/p>\n<p><img decoding=\"async\" class=\"img\" src=\"https:\/\/scontent.fpbc2-1.fna.fbcdn.net\/v\/t1.15752-9\/55520998_2254838254842736_6042232117398601728_n.jpg?_nc_cat=100&amp;_nc_ht=scontent.fpbc2-1.fna&amp;oh=f931a750f990aa02bb9bcf4d4052eba4&amp;oe=5D127ED6\" alt=\"\" \/><\/p>\n","protected":false},"excerpt":{"rendered":"<p>Con el objetivo de proteger a los estudiantes de posibles accidentes automovil\u00edsticos y promover una mejor cultura vial, el Ayuntamiento de Nanchital que preside la Dra. Zoila Balderas Guzm\u00e1n, realizar\u00e1 la colocaci\u00f3n de se\u00f1al\u00e9tica en las inmediaciones de las instituciones educativas del municipio. En un trabajo conjunto entre las Direcciones de Educaci\u00f3n y la de&hellip; <br \/> <a class=\"read-more\" href=\"https:\/\/www.nanchital.gob.mx\/wp-nanchital\/colocaran-senaletica-vial-en-nanchital\/\">Leer m\u00e1s<\/a><\/p>\n","protected":false},"author":7,"featured_media":6623,"comment_status":"closed","ping_status":"closed","sticky":false,"template":"","format":"standard","meta":{"footnotes":""},"categories":[4],"tags":[],"class_list":["post-6621","post","type-post","status-publish","format-standard","has-post-thumbnail","hentry","category-noticias"],"_links":{"self":[{"href":"https:\/\/www.nanchital.gob.mx\/wp-nanchital\/wp-json\/wp\/v2\/posts\/6621","targetHints":{"allow":["GET"]}}],"collection":[{"href":"https:\/\/www.nanchital.gob.mx\/wp-nanchital\/wp-json\/wp\/v2\/posts"}],"about":[{"href":"https:\/\/www.nanchital.gob.mx\/wp-nanchital\/wp-json\/wp\/v2\/types\/post"}],"author":[{"embeddable":true,"href":"https:\/\/www.nanchital.gob.mx\/wp-nanchital\/wp-json\/wp\/v2\/users\/7"}],"replies":[{"embeddable":true,"href":"https:\/\/www.nanchital.gob.mx\/wp-nanchital\/wp-json\/wp\/v2\/comments?post=6621"}],"version-history":[{"count":1,"href":"https:\/\/www.nanchital.gob.mx\/wp-nanchital\/wp-json\/wp\/v2\/posts\/6621\/revisions"}],"predecessor-version":[{"id":6624,"href":"https:\/\/www.nanchital.gob.mx\/wp-nanchital\/wp-json\/wp\/v2\/posts\/6621\/revisions\/6624"}],"wp:featuredmedia":[{"embeddable":true,"href":"https:\/\/www.nanchital.gob.mx\/wp-nanchital\/wp-json\/wp\/v2\/media\/6623"}],"wp:attachment":[{"href":"https:\/\/www.nanchital.gob.mx\/wp-nanchital\/wp-json\/wp\/v2\/media?parent=6621"}],"wp:term":[{"taxonomy":"category","embeddable":true,"href":"https:\/\/www.nanchital.gob.mx\/wp-nanchital\/wp-json\/wp\/v2\/categories?post=6621"},{"taxonomy":"post_tag","embeddable":true,"href":"https:\/\/www.nanchital.gob.mx\/wp-nanchital\/wp-json\/wp\/v2\/tags?post=6621"}],"curies":[{"name":"wp","href":"https:\/\/api.w.org\/{rel}","templated":true}]}}