{"id":6585,"date":"2019-03-19T11:35:07","date_gmt":"2019-03-19T17:35:07","guid":{"rendered":"http:\/\/www.nanchital.gob.mx\/?p=6585"},"modified":"2019-03-19T12:14:09","modified_gmt":"2019-03-19T18:14:09","slug":"se-celebro-el-festival-de-la-primavera-en-nanchital","status":"publish","type":"post","link":"https:\/\/www.nanchital.gob.mx\/wp-nanchital\/se-celebro-el-festival-de-la-primavera-en-nanchital\/","title":{"rendered":"Se celebr\u00f3 el Festival de la Primavera en Nanchital"},"content":{"rendered":"<p>Del 15 al 17 de Marzo se realiz\u00f3 en Nanchital el Festival de la Primavera, una fiesta familiar y de mucho color que reflej\u00f3 la algarab\u00eda de esta ciudad, con una serie de eventos en los que la gente disfrut\u00f3 de estos d\u00edas de fiesta. El Ayuntamiento de Nanchital que preside la Dra. Zoila Balderas Guzm\u00e1n, inici\u00f3 las actividades con la Coronaci\u00f3n de la Reina Sherlyn I, quien present\u00f3 un sensacional baile de apertura, para despu\u00e9s recibir la corona por parte de las autoridades municipales. Ese mismo d\u00eda el grupo Rayito Colombiano deleit\u00f3 a los asistentes con sus mejores \u00e9xitos y la noche cerr\u00f3 con el grupo Sagitario Show para continuar la fiesta. En el Segundo d\u00eda, se llev\u00f3 a cabo el Desfile de la Primavera con la participaci\u00f3n de asociaciones, grupos art\u00edsticos, escuelas e instituciones, culminando el d\u00eda con la presentaci\u00f3n de la cantante Alicia Villarreal, que present\u00f3 un show norte\u00f1o y de mariachi, haciendo vibrar a todos sus fans. Se culmin\u00f3 este gran evento con la participaci\u00f3n de los grupos Super Lamas y Junior Klan, quienes pusieron a bailar a miles de personas que se dieron cita en la explanada de la exfactor\u00eda para corear y moverse al ritmo de sus m\u00e1s grandes \u00e9xitos.<\/p>\n<p>&nbsp;<\/p>\n<p><img fetchpriority=\"high\" decoding=\"async\" class=\" wp-image-6587 aligncenter\" src=\"http:\/\/www.nanchital.gob.mx\/wp-content\/uploads\/1R4A7751-300x200.jpg\" alt=\"\" width=\"626\" height=\"417\" srcset=\"https:\/\/www.nanchital.gob.mx\/wp-nanchital\/wp-content\/uploads\/1R4A7751-300x200.jpg 300w, https:\/\/www.nanchital.gob.mx\/wp-nanchital\/wp-content\/uploads\/1R4A7751-768x512.jpg 768w, https:\/\/www.nanchital.gob.mx\/wp-nanchital\/wp-content\/uploads\/1R4A7751.jpg 1024w\" sizes=\"(max-width: 626px) 100vw, 626px\" \/><\/p>\n","protected":false},"excerpt":{"rendered":"<p>Del 15 al 17 de Marzo se realiz\u00f3 en Nanchital el Festival de la Primavera, una fiesta familiar y de mucho color que reflej\u00f3 la algarab\u00eda de esta ciudad, con una serie de eventos en los que la gente disfrut\u00f3 de estos d\u00edas de fiesta. El Ayuntamiento de Nanchital que preside la Dra. Zoila Balderas&hellip; <br \/> <a class=\"read-more\" href=\"https:\/\/www.nanchital.gob.mx\/wp-nanchital\/se-celebro-el-festival-de-la-primavera-en-nanchital\/\">Leer m\u00e1s<\/a><\/p>\n","protected":false},"author":7,"featured_media":6590,"comment_status":"closed","ping_status":"closed","sticky":false,"template":"","format":"standard","meta":{"footnotes":""},"categories":[4],"tags":[],"class_list":["post-6585","post","type-post","status-publish","format-standard","has-post-thumbnail","hentry","category-noticias"],"_links":{"self":[{"href":"https:\/\/www.nanchital.gob.mx\/wp-nanchital\/wp-json\/wp\/v2\/posts\/6585","targetHints":{"allow":["GET"]}}],"collection":[{"href":"https:\/\/www.nanchital.gob.mx\/wp-nanchital\/wp-json\/wp\/v2\/posts"}],"about":[{"href":"https:\/\/www.nanchital.gob.mx\/wp-nanchital\/wp-json\/wp\/v2\/types\/post"}],"author":[{"embeddable":true,"href":"https:\/\/www.nanchital.gob.mx\/wp-nanchital\/wp-json\/wp\/v2\/users\/7"}],"replies":[{"embeddable":true,"href":"https:\/\/www.nanchital.gob.mx\/wp-nanchital\/wp-json\/wp\/v2\/comments?post=6585"}],"version-history":[{"count":1,"href":"https:\/\/www.nanchital.gob.mx\/wp-nanchital\/wp-json\/wp\/v2\/posts\/6585\/revisions"}],"predecessor-version":[{"id":6589,"href":"https:\/\/www.nanchital.gob.mx\/wp-nanchital\/wp-json\/wp\/v2\/posts\/6585\/revisions\/6589"}],"wp:featuredmedia":[{"embeddable":true,"href":"https:\/\/www.nanchital.gob.mx\/wp-nanchital\/wp-json\/wp\/v2\/media\/6590"}],"wp:attachment":[{"href":"https:\/\/www.nanchital.gob.mx\/wp-nanchital\/wp-json\/wp\/v2\/media?parent=6585"}],"wp:term":[{"taxonomy":"category","embeddable":true,"href":"https:\/\/www.nanchital.gob.mx\/wp-nanchital\/wp-json\/wp\/v2\/categories?post=6585"},{"taxonomy":"post_tag","embeddable":true,"href":"https:\/\/www.nanchital.gob.mx\/wp-nanchital\/wp-json\/wp\/v2\/tags?post=6585"}],"curies":[{"name":"wp","href":"https:\/\/api.w.org\/{rel}","templated":true}]}}