{"id":6492,"date":"2019-03-15T12:13:47","date_gmt":"2019-03-15T18:13:47","guid":{"rendered":"http:\/\/www.nanchital.gob.mx\/?p=6492"},"modified":"2019-03-15T12:13:47","modified_gmt":"2019-03-15T18:13:47","slug":"rehabilitan-senalizacion-y-topes-en-crucero-de-pajaritos","status":"publish","type":"post","link":"https:\/\/www.nanchital.gob.mx\/wp-nanchital\/rehabilitan-senalizacion-y-topes-en-crucero-de-pajaritos\/","title":{"rendered":"Rehabilitan se\u00f1alizaci\u00f3n y topes en crucero de Pajaritos"},"content":{"rendered":"<p>Gracias a las gestiones que ha realizado la alcaldesa de Nanchital, Dra. Zoila Balderas Guzm\u00e1n, la Secretar\u00eda de Comunicaciones y Transportes, lleva a cabo la rehabilitaci\u00f3n de la se\u00f1alizaci\u00f3n y colocaci\u00f3n de topes en el crucero de Pajaritos. En enero de este a\u00f1o, la mun\u00edcipe acudi\u00f3 con el Delegado Estatal en Veracruz de la SCT, Jos\u00e9 Alberto Vega Regalado, con el fin de solicitar que se retomar\u00e1n los trabajos de la carretera 4 carriles, de lo cual ya se iniciar\u00e1n los trabajos pr\u00f3ximamente.<\/p>\n<p>Aunado a esta petici\u00f3n, se encontraba la solicitud de rehabilitar el crucero de Pajaritos, el cual representaba un riesgo sobre todo en la noche, ya que los topes eran inexistentes y la se\u00f1alizaci\u00f3n tampoco se ve\u00eda, esto por encontrarse totalmente desgastada.<\/p>\n<p><img decoding=\"async\" class=\"img\" src=\"https:\/\/scontent-dfw5-1.xx.fbcdn.net\/v\/t1.15752-9\/54458131_1106030376251259_5041290023425540096_n.jpg?_nc_cat=109&amp;_nc_eui2=AeE3ETrnPsciEeyqsc6-Fj3l2wkNDsnY5s9DnV9i3FYPv9DtI0G74KGFc4MOf6NcQbnmIk9drONWsTL67TUQhwuQKbaR1heDJtpH6unr9YxIrQ&amp;_nc_ht=scontent-dfw5-1.xx&amp;oh=26963a14edd45494e6ecbd1e8b00b144&amp;oe=5D14933A\" alt=\"\" \/><\/p>\n","protected":false},"excerpt":{"rendered":"<p>Gracias a las gestiones que ha realizado la alcaldesa de Nanchital, Dra. Zoila Balderas Guzm\u00e1n, la Secretar\u00eda de Comunicaciones y Transportes, lleva a cabo la rehabilitaci\u00f3n de la se\u00f1alizaci\u00f3n y colocaci\u00f3n de topes en el crucero de Pajaritos. En enero de este a\u00f1o, la mun\u00edcipe acudi\u00f3 con el Delegado Estatal en Veracruz de la SCT,&hellip; <br \/> <a class=\"read-more\" href=\"https:\/\/www.nanchital.gob.mx\/wp-nanchital\/rehabilitan-senalizacion-y-topes-en-crucero-de-pajaritos\/\">Leer m\u00e1s<\/a><\/p>\n","protected":false},"author":7,"featured_media":6494,"comment_status":"closed","ping_status":"closed","sticky":false,"template":"","format":"standard","meta":{"footnotes":""},"categories":[4],"tags":[],"class_list":["post-6492","post","type-post","status-publish","format-standard","has-post-thumbnail","hentry","category-noticias"],"_links":{"self":[{"href":"https:\/\/www.nanchital.gob.mx\/wp-nanchital\/wp-json\/wp\/v2\/posts\/6492","targetHints":{"allow":["GET"]}}],"collection":[{"href":"https:\/\/www.nanchital.gob.mx\/wp-nanchital\/wp-json\/wp\/v2\/posts"}],"about":[{"href":"https:\/\/www.nanchital.gob.mx\/wp-nanchital\/wp-json\/wp\/v2\/types\/post"}],"author":[{"embeddable":true,"href":"https:\/\/www.nanchital.gob.mx\/wp-nanchital\/wp-json\/wp\/v2\/users\/7"}],"replies":[{"embeddable":true,"href":"https:\/\/www.nanchital.gob.mx\/wp-nanchital\/wp-json\/wp\/v2\/comments?post=6492"}],"version-history":[{"count":1,"href":"https:\/\/www.nanchital.gob.mx\/wp-nanchital\/wp-json\/wp\/v2\/posts\/6492\/revisions"}],"predecessor-version":[{"id":6495,"href":"https:\/\/www.nanchital.gob.mx\/wp-nanchital\/wp-json\/wp\/v2\/posts\/6492\/revisions\/6495"}],"wp:featuredmedia":[{"embeddable":true,"href":"https:\/\/www.nanchital.gob.mx\/wp-nanchital\/wp-json\/wp\/v2\/media\/6494"}],"wp:attachment":[{"href":"https:\/\/www.nanchital.gob.mx\/wp-nanchital\/wp-json\/wp\/v2\/media?parent=6492"}],"wp:term":[{"taxonomy":"category","embeddable":true,"href":"https:\/\/www.nanchital.gob.mx\/wp-nanchital\/wp-json\/wp\/v2\/categories?post=6492"},{"taxonomy":"post_tag","embeddable":true,"href":"https:\/\/www.nanchital.gob.mx\/wp-nanchital\/wp-json\/wp\/v2\/tags?post=6492"}],"curies":[{"name":"wp","href":"https:\/\/api.w.org\/{rel}","templated":true}]}}