{"id":4126,"date":"2018-08-27T11:33:35","date_gmt":"2018-08-27T17:33:35","guid":{"rendered":"http:\/\/www.nanchital.gob.mx\/?p=4126"},"modified":"2018-08-27T11:33:35","modified_gmt":"2018-08-27T17:33:35","slug":"inicia-el-nuevo-ciclo-de-cursos-de-casa-de-cultura-nanchital","status":"publish","type":"post","link":"https:\/\/www.nanchital.gob.mx\/wp-nanchital\/inicia-el-nuevo-ciclo-de-cursos-de-casa-de-cultura-nanchital\/","title":{"rendered":"Inicia el nuevo ciclo de cursos de Casa de Cultura Nanchital"},"content":{"rendered":"<p>El Ayuntamiento de Nanchital a trav\u00e9s de la Casa de Cultura invita a la ciudadan\u00eda a integrarse a los nuevos cursos que comenzar\u00e1n este lunes 27 de Agosto, en las instalaciones del recinto cultural ubicado en la exfactor\u00eda.<\/p>\n<p>Dentro de la oferta educativa que se abri\u00f3 en esta ocasi\u00f3n est\u00e1n los talleres de Iniciaci\u00f3n Musical, Danza Folcl\u00f3rica, Bordado y Tejido, Baby Ballet, Masajes, Yoga, Doblaje y Actuaci\u00f3n, Guitarra, Viol\u00edn, Teclado, as\u00ed como Danza Urbana.<\/p>\n<p>\u201cRealizamos diversas clases muestra de los talleres nuevos que incorporamos en esta ocasi\u00f3n, como masajes, actuaci\u00f3n y doblaje, bordado y tejido, al igual de las clases que seguimos conservando del ciclo pasado, buscamos brindar mayor apertura a los cursos por la preocupaci\u00f3n de nuestra alcaldesa Dra. Zoila Balderas Guzm\u00e1n en fomentar el arte y la cultura\u201d, manifest\u00f3 Sandra Lidia Islas, encargada de Casa de Cultura. Para mayores informes de costos y horarios, se invita a llamar al 2164094 o acudir a las instalaciones ubicadas en la exfactor\u00eda.<\/p>\n<p><img fetchpriority=\"high\" decoding=\"async\" class=\" wp-image-4129 aligncenter\" src=\"http:\/\/www.nanchital.gob.mx\/wp-content\/uploads\/40161729_2181420561900297_5279808476703358976_n-300x208.jpg\" alt=\"\" width=\"519\" height=\"360\" srcset=\"https:\/\/www.nanchital.gob.mx\/wp-nanchital\/wp-content\/uploads\/40161729_2181420561900297_5279808476703358976_n-300x208.jpg 300w, https:\/\/www.nanchital.gob.mx\/wp-nanchital\/wp-content\/uploads\/40161729_2181420561900297_5279808476703358976_n-768x533.jpg 768w, https:\/\/www.nanchital.gob.mx\/wp-nanchital\/wp-content\/uploads\/40161729_2181420561900297_5279808476703358976_n.jpg 1024w\" sizes=\"(max-width: 519px) 100vw, 519px\" \/><\/p>\n","protected":false},"excerpt":{"rendered":"<p>El Ayuntamiento de Nanchital a trav\u00e9s de la Casa de Cultura invita a la ciudadan\u00eda a integrarse a los nuevos cursos que comenzar\u00e1n este lunes 27 de Agosto, en las instalaciones del recinto cultural ubicado en la exfactor\u00eda. Dentro de la oferta educativa que se abri\u00f3 en esta ocasi\u00f3n est\u00e1n los talleres de Iniciaci\u00f3n Musical,&hellip; <br \/> <a class=\"read-more\" href=\"https:\/\/www.nanchital.gob.mx\/wp-nanchital\/inicia-el-nuevo-ciclo-de-cursos-de-casa-de-cultura-nanchital\/\">Leer m\u00e1s<\/a><\/p>\n","protected":false},"author":7,"featured_media":4130,"comment_status":"closed","ping_status":"closed","sticky":false,"template":"","format":"standard","meta":{"footnotes":""},"categories":[4],"tags":[],"class_list":["post-4126","post","type-post","status-publish","format-standard","has-post-thumbnail","hentry","category-noticias"],"_links":{"self":[{"href":"https:\/\/www.nanchital.gob.mx\/wp-nanchital\/wp-json\/wp\/v2\/posts\/4126","targetHints":{"allow":["GET"]}}],"collection":[{"href":"https:\/\/www.nanchital.gob.mx\/wp-nanchital\/wp-json\/wp\/v2\/posts"}],"about":[{"href":"https:\/\/www.nanchital.gob.mx\/wp-nanchital\/wp-json\/wp\/v2\/types\/post"}],"author":[{"embeddable":true,"href":"https:\/\/www.nanchital.gob.mx\/wp-nanchital\/wp-json\/wp\/v2\/users\/7"}],"replies":[{"embeddable":true,"href":"https:\/\/www.nanchital.gob.mx\/wp-nanchital\/wp-json\/wp\/v2\/comments?post=4126"}],"version-history":[{"count":1,"href":"https:\/\/www.nanchital.gob.mx\/wp-nanchital\/wp-json\/wp\/v2\/posts\/4126\/revisions"}],"predecessor-version":[{"id":4131,"href":"https:\/\/www.nanchital.gob.mx\/wp-nanchital\/wp-json\/wp\/v2\/posts\/4126\/revisions\/4131"}],"wp:featuredmedia":[{"embeddable":true,"href":"https:\/\/www.nanchital.gob.mx\/wp-nanchital\/wp-json\/wp\/v2\/media\/4130"}],"wp:attachment":[{"href":"https:\/\/www.nanchital.gob.mx\/wp-nanchital\/wp-json\/wp\/v2\/media?parent=4126"}],"wp:term":[{"taxonomy":"category","embeddable":true,"href":"https:\/\/www.nanchital.gob.mx\/wp-nanchital\/wp-json\/wp\/v2\/categories?post=4126"},{"taxonomy":"post_tag","embeddable":true,"href":"https:\/\/www.nanchital.gob.mx\/wp-nanchital\/wp-json\/wp\/v2\/tags?post=4126"}],"curies":[{"name":"wp","href":"https:\/\/api.w.org\/{rel}","templated":true}]}}