{"id":4121,"date":"2018-08-27T10:53:14","date_gmt":"2018-08-27T16:53:14","guid":{"rendered":"http:\/\/www.nanchital.gob.mx\/?p=4121"},"modified":"2018-08-27T10:53:14","modified_gmt":"2018-08-27T16:53:14","slug":"realizan-reunion-de-trabajo-entre-ayuntamiento-y-directores-de-las-escuelas","status":"publish","type":"post","link":"https:\/\/www.nanchital.gob.mx\/wp-nanchital\/realizan-reunion-de-trabajo-entre-ayuntamiento-y-directores-de-las-escuelas\/","title":{"rendered":"Realizan reuni\u00f3n de trabajo entre Ayuntamiento y directores de las escuelas"},"content":{"rendered":"<p>Convocados por el Ayuntamiento de Nanchital a trav\u00e9s de la Direcci\u00f3n de Educaci\u00f3n, los directores de las instituciones educativas de la localidad, sostuvieron una reuni\u00f3n de trabajo para acordar las principales actividades del nuevo ciclo escolar.<\/p>\n<p>En este evento los titulares de los departamentos de Protecci\u00f3n Civil, Desarrollo Social, Secretar\u00eda, Turismo, Derechos Humanos, Desarrollo Econ\u00f3mico, Casa de Cultura y Educaci\u00f3n presentaron a los directores de las instituciones educativas una serie de actividades que se pueden trabajar en conjunto para beneficio de la poblaci\u00f3n estudiantil y la sociedad.<\/p>\n<p>\u201cDesde el inicio de la administraci\u00f3n municipal la Dra. Zoila Balderas Guzm\u00e1n ha tenido un acercamiento con las instituciones educativas del municipio, atendiendo solicitudes y brindando cosas importantes como la donaci\u00f3n de mobiliario, por ello estas reuniones cobran mucha relevancia para seguir trabajando de manera coordinada\u201d, afirm\u00f3 Sandra D\u00edaz Osorio, titular de Educaci\u00f3n.<\/p>\n<p><img fetchpriority=\"high\" decoding=\"async\" class=\" wp-image-4123 aligncenter\" src=\"http:\/\/www.nanchital.gob.mx\/wp-content\/uploads\/40194956_2201767976721221_6018020209930010624_n-300x181.jpg\" alt=\"\" width=\"559\" height=\"337\" srcset=\"https:\/\/www.nanchital.gob.mx\/wp-nanchital\/wp-content\/uploads\/40194956_2201767976721221_6018020209930010624_n-300x181.jpg 300w, https:\/\/www.nanchital.gob.mx\/wp-nanchital\/wp-content\/uploads\/40194956_2201767976721221_6018020209930010624_n-768x462.jpg 768w, https:\/\/www.nanchital.gob.mx\/wp-nanchital\/wp-content\/uploads\/40194956_2201767976721221_6018020209930010624_n.jpg 1024w\" sizes=\"(max-width: 559px) 100vw, 559px\" \/><\/p>\n","protected":false},"excerpt":{"rendered":"<p>Convocados por el Ayuntamiento de Nanchital a trav\u00e9s de la Direcci\u00f3n de Educaci\u00f3n, los directores de las instituciones educativas de la localidad, sostuvieron una reuni\u00f3n de trabajo para acordar las principales actividades del nuevo ciclo escolar. En este evento los titulares de los departamentos de Protecci\u00f3n Civil, Desarrollo Social, Secretar\u00eda, Turismo, Derechos Humanos, Desarrollo Econ\u00f3mico,&hellip; <br \/> <a class=\"read-more\" href=\"https:\/\/www.nanchital.gob.mx\/wp-nanchital\/realizan-reunion-de-trabajo-entre-ayuntamiento-y-directores-de-las-escuelas\/\">Leer m\u00e1s<\/a><\/p>\n","protected":false},"author":7,"featured_media":4124,"comment_status":"closed","ping_status":"closed","sticky":false,"template":"","format":"standard","meta":{"footnotes":""},"categories":[4],"tags":[],"class_list":["post-4121","post","type-post","status-publish","format-standard","has-post-thumbnail","hentry","category-noticias"],"_links":{"self":[{"href":"https:\/\/www.nanchital.gob.mx\/wp-nanchital\/wp-json\/wp\/v2\/posts\/4121","targetHints":{"allow":["GET"]}}],"collection":[{"href":"https:\/\/www.nanchital.gob.mx\/wp-nanchital\/wp-json\/wp\/v2\/posts"}],"about":[{"href":"https:\/\/www.nanchital.gob.mx\/wp-nanchital\/wp-json\/wp\/v2\/types\/post"}],"author":[{"embeddable":true,"href":"https:\/\/www.nanchital.gob.mx\/wp-nanchital\/wp-json\/wp\/v2\/users\/7"}],"replies":[{"embeddable":true,"href":"https:\/\/www.nanchital.gob.mx\/wp-nanchital\/wp-json\/wp\/v2\/comments?post=4121"}],"version-history":[{"count":1,"href":"https:\/\/www.nanchital.gob.mx\/wp-nanchital\/wp-json\/wp\/v2\/posts\/4121\/revisions"}],"predecessor-version":[{"id":4125,"href":"https:\/\/www.nanchital.gob.mx\/wp-nanchital\/wp-json\/wp\/v2\/posts\/4121\/revisions\/4125"}],"wp:featuredmedia":[{"embeddable":true,"href":"https:\/\/www.nanchital.gob.mx\/wp-nanchital\/wp-json\/wp\/v2\/media\/4124"}],"wp:attachment":[{"href":"https:\/\/www.nanchital.gob.mx\/wp-nanchital\/wp-json\/wp\/v2\/media?parent=4121"}],"wp:term":[{"taxonomy":"category","embeddable":true,"href":"https:\/\/www.nanchital.gob.mx\/wp-nanchital\/wp-json\/wp\/v2\/categories?post=4121"},{"taxonomy":"post_tag","embeddable":true,"href":"https:\/\/www.nanchital.gob.mx\/wp-nanchital\/wp-json\/wp\/v2\/tags?post=4121"}],"curies":[{"name":"wp","href":"https:\/\/api.w.org\/{rel}","templated":true}]}}