{"id":4116,"date":"2018-08-23T14:42:28","date_gmt":"2018-08-23T20:42:28","guid":{"rendered":"http:\/\/www.nanchital.gob.mx\/?p=4116"},"modified":"2018-08-23T14:42:28","modified_gmt":"2018-08-23T20:42:28","slug":"llega-brigada-de-afiliacion-de-seguro-de-jefas-de-familia-a-san-regino","status":"publish","type":"post","link":"https:\/\/www.nanchital.gob.mx\/wp-nanchital\/llega-brigada-de-afiliacion-de-seguro-de-jefas-de-familia-a-san-regino\/","title":{"rendered":"Llega brigada de afiliaci\u00f3n de Seguro de Jefas de Familia a San Regino"},"content":{"rendered":"<p>El Ayuntamiento de Nanchital a trav\u00e9s de la Direcci\u00f3n de Desarrollo Social visit\u00f3 el predio San Regino R\u00edo con una brigada de corte de cabello gratuito, as\u00ed como de informaci\u00f3n para las inscritas en Pr\u00f3spera y afiliaci\u00f3n al programa de Seguro de Vida para Jefas de Familia.<\/p>\n<p>Con el apoyo de los vecinos se instal\u00f3 un m\u00f3dulo en la calle principal para recibir a los habitantes de dicho predio, quienes recibieron sus dudas en relaci\u00f3n al programa Pr\u00f3spera y pudieron afiliarse m\u00e1s de 30 mujeres al Programa de Seguro de Vida para Jefas de Familia.<\/p>\n<p>\u201cEst\u00e1 muy bien estos apoyos porque somos de bajos recursos y a veces no tenemos dinero para pagar un corte de cabello, y eso se lo agradecemos a la presidenta Zoila Balderas\u201d coment\u00f3 Maricela Rodr\u00edguez Vel\u00e1zquez, habitante del predio San Regino. Para realizar el corto de cabello, se cont\u00f3 con el apoyo de la estilista Eva Salom\u00f3n, quien de manera altruista prest\u00f3 sus servicios en la brigada.<\/p>\n<p><img fetchpriority=\"high\" decoding=\"async\" class=\" wp-image-4118 aligncenter\" src=\"http:\/\/www.nanchital.gob.mx\/wp-content\/uploads\/40045870_1581073441998905_6768891290542145536_n-300x205.jpg\" alt=\"\" width=\"457\" height=\"312\" srcset=\"https:\/\/www.nanchital.gob.mx\/wp-nanchital\/wp-content\/uploads\/40045870_1581073441998905_6768891290542145536_n-300x205.jpg 300w, https:\/\/www.nanchital.gob.mx\/wp-nanchital\/wp-content\/uploads\/40045870_1581073441998905_6768891290542145536_n-768x524.jpg 768w, https:\/\/www.nanchital.gob.mx\/wp-nanchital\/wp-content\/uploads\/40045870_1581073441998905_6768891290542145536_n.jpg 1024w\" sizes=\"(max-width: 457px) 100vw, 457px\" \/><\/p>\n","protected":false},"excerpt":{"rendered":"<p>El Ayuntamiento de Nanchital a trav\u00e9s de la Direcci\u00f3n de Desarrollo Social visit\u00f3 el predio San Regino R\u00edo con una brigada de corte de cabello gratuito, as\u00ed como de informaci\u00f3n para las inscritas en Pr\u00f3spera y afiliaci\u00f3n al programa de Seguro de Vida para Jefas de Familia. Con el apoyo de los vecinos se instal\u00f3&hellip; <br \/> <a class=\"read-more\" href=\"https:\/\/www.nanchital.gob.mx\/wp-nanchital\/llega-brigada-de-afiliacion-de-seguro-de-jefas-de-familia-a-san-regino\/\">Leer m\u00e1s<\/a><\/p>\n","protected":false},"author":7,"featured_media":4119,"comment_status":"closed","ping_status":"closed","sticky":false,"template":"","format":"standard","meta":{"footnotes":""},"categories":[4],"tags":[],"class_list":["post-4116","post","type-post","status-publish","format-standard","has-post-thumbnail","hentry","category-noticias"],"_links":{"self":[{"href":"https:\/\/www.nanchital.gob.mx\/wp-nanchital\/wp-json\/wp\/v2\/posts\/4116","targetHints":{"allow":["GET"]}}],"collection":[{"href":"https:\/\/www.nanchital.gob.mx\/wp-nanchital\/wp-json\/wp\/v2\/posts"}],"about":[{"href":"https:\/\/www.nanchital.gob.mx\/wp-nanchital\/wp-json\/wp\/v2\/types\/post"}],"author":[{"embeddable":true,"href":"https:\/\/www.nanchital.gob.mx\/wp-nanchital\/wp-json\/wp\/v2\/users\/7"}],"replies":[{"embeddable":true,"href":"https:\/\/www.nanchital.gob.mx\/wp-nanchital\/wp-json\/wp\/v2\/comments?post=4116"}],"version-history":[{"count":1,"href":"https:\/\/www.nanchital.gob.mx\/wp-nanchital\/wp-json\/wp\/v2\/posts\/4116\/revisions"}],"predecessor-version":[{"id":4120,"href":"https:\/\/www.nanchital.gob.mx\/wp-nanchital\/wp-json\/wp\/v2\/posts\/4116\/revisions\/4120"}],"wp:featuredmedia":[{"embeddable":true,"href":"https:\/\/www.nanchital.gob.mx\/wp-nanchital\/wp-json\/wp\/v2\/media\/4119"}],"wp:attachment":[{"href":"https:\/\/www.nanchital.gob.mx\/wp-nanchital\/wp-json\/wp\/v2\/media?parent=4116"}],"wp:term":[{"taxonomy":"category","embeddable":true,"href":"https:\/\/www.nanchital.gob.mx\/wp-nanchital\/wp-json\/wp\/v2\/categories?post=4116"},{"taxonomy":"post_tag","embeddable":true,"href":"https:\/\/www.nanchital.gob.mx\/wp-nanchital\/wp-json\/wp\/v2\/tags?post=4116"}],"curies":[{"name":"wp","href":"https:\/\/api.w.org\/{rel}","templated":true}]}}