{"id":4104,"date":"2018-08-23T08:09:34","date_gmt":"2018-08-23T14:09:34","guid":{"rendered":"http:\/\/www.nanchital.gob.mx\/?p=4104"},"modified":"2018-08-23T08:09:34","modified_gmt":"2018-08-23T14:09:34","slug":"promueven-el-programa-crezcamos-juntos-del-sat-a-comerciantes-de-nanchital","status":"publish","type":"post","link":"https:\/\/www.nanchital.gob.mx\/wp-nanchital\/promueven-el-programa-crezcamos-juntos-del-sat-a-comerciantes-de-nanchital\/","title":{"rendered":"Promueven el programa Crezcamos Juntos del SAT a comerciantes de Nanchital"},"content":{"rendered":"<p>Con el objetivo de brindar capacitaci\u00f3n a los comerciantes y orientarlos sobre los beneficios de su afiliaci\u00f3n al R\u00e9gimen de Incorporaci\u00f3n Fiscal, se realiz\u00f3 la Conferencia \u201cCrezcamos Juntos\u201d por personal del Sistema de Administraci\u00f3n Tributaria.<\/p>\n<p>La pl\u00e1tica estuvo a cargo del Mtro. V\u00edctor Antonio Bastida P\u00e9rez, Administrador desconcentrado de servicios al contribuyente del SAT con quienes los comerciantes de Nanchital pudieron disipar sus dudas al respecto del RIF y comprender las oportunidades que esto apoya en sus negocios.<\/p>\n<p>\u201cSeguiremos trabajando de la mano con el SAT para acercar los servicios a los comerciantes de Nanchital, ayer se instal\u00f3 un m\u00f3dulo de informaci\u00f3n y tr\u00e1mites en bajos del Palacio Municipal, ya que es instrucci\u00f3n de nuestra alcaldesa Dra. Zoila Balderas Guzm\u00e1n apoyar a que los habitantes de este municipio cuenten con estos servicios\u201d inform\u00f3 Irais Torres Chang, titular de Comercio.<\/p>\n<p><img fetchpriority=\"high\" decoding=\"async\" class=\" wp-image-4106 aligncenter\" src=\"http:\/\/www.nanchital.gob.mx\/wp-content\/uploads\/39939422_293194164812143_5253801865610526720_n-300x196.jpg\" alt=\"\" width=\"606\" height=\"396\" srcset=\"https:\/\/www.nanchital.gob.mx\/wp-nanchital\/wp-content\/uploads\/39939422_293194164812143_5253801865610526720_n-300x196.jpg 300w, https:\/\/www.nanchital.gob.mx\/wp-nanchital\/wp-content\/uploads\/39939422_293194164812143_5253801865610526720_n-768x501.jpg 768w, https:\/\/www.nanchital.gob.mx\/wp-nanchital\/wp-content\/uploads\/39939422_293194164812143_5253801865610526720_n.jpg 1024w\" sizes=\"(max-width: 606px) 100vw, 606px\" \/><\/p>\n","protected":false},"excerpt":{"rendered":"<p>Con el objetivo de brindar capacitaci\u00f3n a los comerciantes y orientarlos sobre los beneficios de su afiliaci\u00f3n al R\u00e9gimen de Incorporaci\u00f3n Fiscal, se realiz\u00f3 la Conferencia \u201cCrezcamos Juntos\u201d por personal del Sistema de Administraci\u00f3n Tributaria. La pl\u00e1tica estuvo a cargo del Mtro. V\u00edctor Antonio Bastida P\u00e9rez, Administrador desconcentrado de servicios al contribuyente del SAT con&hellip; <br \/> <a class=\"read-more\" href=\"https:\/\/www.nanchital.gob.mx\/wp-nanchital\/promueven-el-programa-crezcamos-juntos-del-sat-a-comerciantes-de-nanchital\/\">Leer m\u00e1s<\/a><\/p>\n","protected":false},"author":7,"featured_media":4107,"comment_status":"closed","ping_status":"closed","sticky":false,"template":"","format":"standard","meta":{"footnotes":""},"categories":[4],"tags":[],"class_list":["post-4104","post","type-post","status-publish","format-standard","has-post-thumbnail","hentry","category-noticias"],"_links":{"self":[{"href":"https:\/\/www.nanchital.gob.mx\/wp-nanchital\/wp-json\/wp\/v2\/posts\/4104","targetHints":{"allow":["GET"]}}],"collection":[{"href":"https:\/\/www.nanchital.gob.mx\/wp-nanchital\/wp-json\/wp\/v2\/posts"}],"about":[{"href":"https:\/\/www.nanchital.gob.mx\/wp-nanchital\/wp-json\/wp\/v2\/types\/post"}],"author":[{"embeddable":true,"href":"https:\/\/www.nanchital.gob.mx\/wp-nanchital\/wp-json\/wp\/v2\/users\/7"}],"replies":[{"embeddable":true,"href":"https:\/\/www.nanchital.gob.mx\/wp-nanchital\/wp-json\/wp\/v2\/comments?post=4104"}],"version-history":[{"count":1,"href":"https:\/\/www.nanchital.gob.mx\/wp-nanchital\/wp-json\/wp\/v2\/posts\/4104\/revisions"}],"predecessor-version":[{"id":4108,"href":"https:\/\/www.nanchital.gob.mx\/wp-nanchital\/wp-json\/wp\/v2\/posts\/4104\/revisions\/4108"}],"wp:featuredmedia":[{"embeddable":true,"href":"https:\/\/www.nanchital.gob.mx\/wp-nanchital\/wp-json\/wp\/v2\/media\/4107"}],"wp:attachment":[{"href":"https:\/\/www.nanchital.gob.mx\/wp-nanchital\/wp-json\/wp\/v2\/media?parent=4104"}],"wp:term":[{"taxonomy":"category","embeddable":true,"href":"https:\/\/www.nanchital.gob.mx\/wp-nanchital\/wp-json\/wp\/v2\/categories?post=4104"},{"taxonomy":"post_tag","embeddable":true,"href":"https:\/\/www.nanchital.gob.mx\/wp-nanchital\/wp-json\/wp\/v2\/tags?post=4104"}],"curies":[{"name":"wp","href":"https:\/\/api.w.org\/{rel}","templated":true}]}}