{"id":4092,"date":"2018-08-22T11:58:19","date_gmt":"2018-08-22T17:58:19","guid":{"rendered":"http:\/\/www.nanchital.gob.mx\/?p=4092"},"modified":"2018-08-22T11:58:19","modified_gmt":"2018-08-22T17:58:19","slug":"incidente-en-torres-de-electricidad-afecta-al-servicio-de-limpia-publica","status":"publish","type":"post","link":"https:\/\/www.nanchital.gob.mx\/wp-nanchital\/incidente-en-torres-de-electricidad-afecta-al-servicio-de-limpia-publica\/","title":{"rendered":"Incidente en torres de electricidad afecta al servicio de limpia p\u00fablica"},"content":{"rendered":"<p>La madrugada de este mi\u00e9rcoles una fuerte lluvia afect\u00f3 3 torres de electricidad ubicadas en la periferia del basurero municipal, provocando que quedaran en el suelo cables de alta tensi\u00f3n en la entrada, por lo que personal de la Comisi\u00f3n Federal de Electricidad tuvo que cerrar el paso.<\/p>\n<p>Al cerrar el paso, los camiones de limpia p\u00fablica no pudieron entrar al basurero para depositar los desechos, por lo que el servicio de limpia p\u00fablica se ver\u00e1 suspendido temporalmente por la tarde de mi\u00e9rcoles y se espera reanude el jueves por la ma\u00f1ana.<\/p>\n<p>\u201cNos informa personal de la CFE que trabajar\u00e1n para instalar unos postes provisionales y con ellos librar el acceso al basurero, por el momento tenemos la basura que recogimos almacenada y se est\u00e1 viendo la posibilidad de pedir el apoyo al Ayuntamiento de Ixhuatl\u00e1n del Sureste para depositar lo que ya hemos recolectado, pero pedimos la comprensi\u00f3n de la ciudadan\u00eda ante este imprevisto\u201d coment\u00f3 Froyl\u00e1n Mac\u00edas Escorcia, Director de Limpia P\u00fablica.<\/p>\n<p>A pesar de que es un incidente que compete a la Comisi\u00f3n Federal de Electricidad resolver, la alcaldesa Dra. Zoila Balderas Guzm\u00e1n instruy\u00f3 a su personal a brindar el apoyo necesario para agilizar las acciones.<\/p>\n","protected":false},"excerpt":{"rendered":"<p>La madrugada de este mi\u00e9rcoles una fuerte lluvia afect\u00f3 3 torres de electricidad ubicadas en la periferia del basurero municipal, provocando que quedaran en el suelo cables de alta tensi\u00f3n en la entrada, por lo que personal de la Comisi\u00f3n Federal de Electricidad tuvo que cerrar el paso. Al cerrar el paso, los camiones de&hellip; <br \/> <a class=\"read-more\" href=\"https:\/\/www.nanchital.gob.mx\/wp-nanchital\/incidente-en-torres-de-electricidad-afecta-al-servicio-de-limpia-publica\/\">Leer m\u00e1s<\/a><\/p>\n","protected":false},"author":7,"featured_media":4094,"comment_status":"closed","ping_status":"closed","sticky":false,"template":"","format":"standard","meta":{"footnotes":""},"categories":[4],"tags":[],"class_list":["post-4092","post","type-post","status-publish","format-standard","has-post-thumbnail","hentry","category-noticias"],"_links":{"self":[{"href":"https:\/\/www.nanchital.gob.mx\/wp-nanchital\/wp-json\/wp\/v2\/posts\/4092","targetHints":{"allow":["GET"]}}],"collection":[{"href":"https:\/\/www.nanchital.gob.mx\/wp-nanchital\/wp-json\/wp\/v2\/posts"}],"about":[{"href":"https:\/\/www.nanchital.gob.mx\/wp-nanchital\/wp-json\/wp\/v2\/types\/post"}],"author":[{"embeddable":true,"href":"https:\/\/www.nanchital.gob.mx\/wp-nanchital\/wp-json\/wp\/v2\/users\/7"}],"replies":[{"embeddable":true,"href":"https:\/\/www.nanchital.gob.mx\/wp-nanchital\/wp-json\/wp\/v2\/comments?post=4092"}],"version-history":[{"count":1,"href":"https:\/\/www.nanchital.gob.mx\/wp-nanchital\/wp-json\/wp\/v2\/posts\/4092\/revisions"}],"predecessor-version":[{"id":4095,"href":"https:\/\/www.nanchital.gob.mx\/wp-nanchital\/wp-json\/wp\/v2\/posts\/4092\/revisions\/4095"}],"wp:featuredmedia":[{"embeddable":true,"href":"https:\/\/www.nanchital.gob.mx\/wp-nanchital\/wp-json\/wp\/v2\/media\/4094"}],"wp:attachment":[{"href":"https:\/\/www.nanchital.gob.mx\/wp-nanchital\/wp-json\/wp\/v2\/media?parent=4092"}],"wp:term":[{"taxonomy":"category","embeddable":true,"href":"https:\/\/www.nanchital.gob.mx\/wp-nanchital\/wp-json\/wp\/v2\/categories?post=4092"},{"taxonomy":"post_tag","embeddable":true,"href":"https:\/\/www.nanchital.gob.mx\/wp-nanchital\/wp-json\/wp\/v2\/tags?post=4092"}],"curies":[{"name":"wp","href":"https:\/\/api.w.org\/{rel}","templated":true}]}}