{"id":4088,"date":"2018-08-22T11:10:56","date_gmt":"2018-08-22T17:10:56","guid":{"rendered":"http:\/\/www.nanchital.gob.mx\/?p=4088"},"modified":"2018-08-22T11:10:56","modified_gmt":"2018-08-22T17:10:56","slug":"se-incluira-a-nanchital-en-el-mapa-digital-de-parques-industriales","status":"publish","type":"post","link":"https:\/\/www.nanchital.gob.mx\/wp-nanchital\/se-incluira-a-nanchital-en-el-mapa-digital-de-parques-industriales\/","title":{"rendered":"Se incluir\u00e1 a Nanchital en el mapa digital de parques industriales"},"content":{"rendered":"<p>Nanchital, ser\u00e1 parte del mapa digital de parques industriales del Estado de Veracruz, como una herramienta de localizaci\u00f3n de las zonas que cuentan con la factibilidad de tener utilidad industrial en el territorio municipal.<\/p>\n<p>Ser\u00e1 a trav\u00e9s de la direcci\u00f3n de Desarrollo Econ\u00f3mico, como se lleve a cabo esta inclusi\u00f3n de las zonas con factibilidad de uso industrial ante la proximidad de la implementaci\u00f3n de las Zonas Econ\u00f3micas Especiales, en las que el municipio de Nanchital tiene prioridades dentro de este proyecto.<\/p>\n<p>\u201cTenemos detectadas 3 zonas espec\u00edficas de terrenos con factibilidad de uso industrial ubicados dentro del municipio de Nanchital, los cuales quedar\u00e1n registrados en el mapa digital de zonas industriales referidos a trav\u00e9s de la Secretar\u00eda de Desarrollo Econ\u00f3mico y Portuario, en coordinaci\u00f3n con la Direcci\u00f3n General de Parques e Infraestructura Industrial y el INEGI\u201d, explic\u00f3 la directora de Desarrollo Econ\u00f3mico en Nanchital, Liliana Corona Sayune.<\/p>\n<p>Recientemente, se sostuvo una reuni\u00f3n con Jos\u00e9 Arturo Flores Linares, Residente Zona Sur de Alfa \u2013 Polioles, una de las zonas industriales establecidas en territorio nanchiteco pr\u00f3ximo a desarrollarse, fortaleciendo de esta manera los v\u00ednculos entre los representantes de las zonas industriales y las autoridades municipales.<\/p>\n","protected":false},"excerpt":{"rendered":"<p>Nanchital, ser\u00e1 parte del mapa digital de parques industriales del Estado de Veracruz, como una herramienta de localizaci\u00f3n de las zonas que cuentan con la factibilidad de tener utilidad industrial en el territorio municipal. Ser\u00e1 a trav\u00e9s de la direcci\u00f3n de Desarrollo Econ\u00f3mico, como se lleve a cabo esta inclusi\u00f3n de las zonas con factibilidad&hellip; <br \/> <a class=\"read-more\" href=\"https:\/\/www.nanchital.gob.mx\/wp-nanchital\/se-incluira-a-nanchital-en-el-mapa-digital-de-parques-industriales\/\">Leer m\u00e1s<\/a><\/p>\n","protected":false},"author":7,"featured_media":4090,"comment_status":"closed","ping_status":"closed","sticky":false,"template":"","format":"standard","meta":{"footnotes":""},"categories":[4],"tags":[],"class_list":["post-4088","post","type-post","status-publish","format-standard","has-post-thumbnail","hentry","category-noticias"],"_links":{"self":[{"href":"https:\/\/www.nanchital.gob.mx\/wp-nanchital\/wp-json\/wp\/v2\/posts\/4088","targetHints":{"allow":["GET"]}}],"collection":[{"href":"https:\/\/www.nanchital.gob.mx\/wp-nanchital\/wp-json\/wp\/v2\/posts"}],"about":[{"href":"https:\/\/www.nanchital.gob.mx\/wp-nanchital\/wp-json\/wp\/v2\/types\/post"}],"author":[{"embeddable":true,"href":"https:\/\/www.nanchital.gob.mx\/wp-nanchital\/wp-json\/wp\/v2\/users\/7"}],"replies":[{"embeddable":true,"href":"https:\/\/www.nanchital.gob.mx\/wp-nanchital\/wp-json\/wp\/v2\/comments?post=4088"}],"version-history":[{"count":1,"href":"https:\/\/www.nanchital.gob.mx\/wp-nanchital\/wp-json\/wp\/v2\/posts\/4088\/revisions"}],"predecessor-version":[{"id":4091,"href":"https:\/\/www.nanchital.gob.mx\/wp-nanchital\/wp-json\/wp\/v2\/posts\/4088\/revisions\/4091"}],"wp:featuredmedia":[{"embeddable":true,"href":"https:\/\/www.nanchital.gob.mx\/wp-nanchital\/wp-json\/wp\/v2\/media\/4090"}],"wp:attachment":[{"href":"https:\/\/www.nanchital.gob.mx\/wp-nanchital\/wp-json\/wp\/v2\/media?parent=4088"}],"wp:term":[{"taxonomy":"category","embeddable":true,"href":"https:\/\/www.nanchital.gob.mx\/wp-nanchital\/wp-json\/wp\/v2\/categories?post=4088"},{"taxonomy":"post_tag","embeddable":true,"href":"https:\/\/www.nanchital.gob.mx\/wp-nanchital\/wp-json\/wp\/v2\/tags?post=4088"}],"curies":[{"name":"wp","href":"https:\/\/api.w.org\/{rel}","templated":true}]}}