{"id":4084,"date":"2018-08-21T12:59:45","date_gmt":"2018-08-21T18:59:45","guid":{"rendered":"http:\/\/www.nanchital.gob.mx\/?p=4084"},"modified":"2018-08-21T12:59:45","modified_gmt":"2018-08-21T18:59:45","slug":"alcaldesa-de-nanchital-inaugura-ciclo-escolar-en-el-cobaev-34","status":"publish","type":"post","link":"https:\/\/www.nanchital.gob.mx\/wp-nanchital\/alcaldesa-de-nanchital-inaugura-ciclo-escolar-en-el-cobaev-34\/","title":{"rendered":"Alcaldesa de Nanchital inaugura ciclo escolar en el COBAEV 34"},"content":{"rendered":"<p>La Dra. Zoila Balderas Guzm\u00e1n acompa\u00f1ada por autoridades del Colegio de Bachilleres del Estado de Veracruz, realiz\u00f3 la inauguraci\u00f3n del ciclo escolar 2018-2019 en el Plantel 34 Profesor Germ\u00e1n Mercado Cardoza.<\/p>\n<p>En el evento se reconoci\u00f3 a los j\u00f3venes Yareni Astrid Alvarado L\u00f3pez, Am\u00e9rica Irene C\u00e9spedes Soriano y C\u00e9sar de Jes\u00fas Alfonso Portilla que obtuvieron los primeros lugares en el examen de selecci\u00f3n de ingreso al COBAEV, quienes recibieron de manos de la alcaldesa de Nanchital, un vale para su uniforme escolar.<\/p>\n<p>La directora del Plantel Lic. Silvia Carrasco Cruz, agradeci\u00f3 los apoyos que la Presidenta Municipal ha otorgado desde el inicio de su administraci\u00f3n y motiv\u00f3 a toda la comunidad estudiantil a esforzarse para seguir enalteciendo al Plantel 34 como una de las mejores instituciones educativas del Estado de Veracruz.<\/p>\n<p>\u201cFelicito a todos los j\u00f3venes que ingresaron a esta escuela que es orgullo para Nanchital, e invito a todos los que ya est\u00e1n en semestres m\u00e1s avanzados a que le se esfuercen mucho m\u00e1s para que ustedes son el futuro de nuestra ciudad, saben que cuentan con mi apoyo y recuerden que el cambio somos todos\u201d dijo en su mensaje la Dra. Zoila Balderas Guzm\u00e1n, alcaldesa de Nanchital.<\/p>\n<p><img fetchpriority=\"high\" decoding=\"async\" class=\" wp-image-4083 aligncenter\" src=\"http:\/\/www.nanchital.gob.mx\/wp-content\/uploads\/39814305_1038293239682058_3265793535881773056_n-300x179.jpg\" alt=\"\" width=\"493\" height=\"294\" srcset=\"https:\/\/www.nanchital.gob.mx\/wp-nanchital\/wp-content\/uploads\/39814305_1038293239682058_3265793535881773056_n-300x179.jpg 300w, https:\/\/www.nanchital.gob.mx\/wp-nanchital\/wp-content\/uploads\/39814305_1038293239682058_3265793535881773056_n-768x458.jpg 768w, https:\/\/www.nanchital.gob.mx\/wp-nanchital\/wp-content\/uploads\/39814305_1038293239682058_3265793535881773056_n.jpg 1024w\" sizes=\"(max-width: 493px) 100vw, 493px\" \/><\/p>\n","protected":false},"excerpt":{"rendered":"<p>La Dra. Zoila Balderas Guzm\u00e1n acompa\u00f1ada por autoridades del Colegio de Bachilleres del Estado de Veracruz, realiz\u00f3 la inauguraci\u00f3n del ciclo escolar 2018-2019 en el Plantel 34 Profesor Germ\u00e1n Mercado Cardoza. En el evento se reconoci\u00f3 a los j\u00f3venes Yareni Astrid Alvarado L\u00f3pez, Am\u00e9rica Irene C\u00e9spedes Soriano y C\u00e9sar de Jes\u00fas Alfonso Portilla que obtuvieron&hellip; <br \/> <a class=\"read-more\" href=\"https:\/\/www.nanchital.gob.mx\/wp-nanchital\/alcaldesa-de-nanchital-inaugura-ciclo-escolar-en-el-cobaev-34\/\">Leer m\u00e1s<\/a><\/p>\n","protected":false},"author":7,"featured_media":4082,"comment_status":"closed","ping_status":"closed","sticky":false,"template":"","format":"standard","meta":{"footnotes":""},"categories":[4],"tags":[],"class_list":["post-4084","post","type-post","status-publish","format-standard","has-post-thumbnail","hentry","category-noticias"],"_links":{"self":[{"href":"https:\/\/www.nanchital.gob.mx\/wp-nanchital\/wp-json\/wp\/v2\/posts\/4084","targetHints":{"allow":["GET"]}}],"collection":[{"href":"https:\/\/www.nanchital.gob.mx\/wp-nanchital\/wp-json\/wp\/v2\/posts"}],"about":[{"href":"https:\/\/www.nanchital.gob.mx\/wp-nanchital\/wp-json\/wp\/v2\/types\/post"}],"author":[{"embeddable":true,"href":"https:\/\/www.nanchital.gob.mx\/wp-nanchital\/wp-json\/wp\/v2\/users\/7"}],"replies":[{"embeddable":true,"href":"https:\/\/www.nanchital.gob.mx\/wp-nanchital\/wp-json\/wp\/v2\/comments?post=4084"}],"version-history":[{"count":1,"href":"https:\/\/www.nanchital.gob.mx\/wp-nanchital\/wp-json\/wp\/v2\/posts\/4084\/revisions"}],"predecessor-version":[{"id":4086,"href":"https:\/\/www.nanchital.gob.mx\/wp-nanchital\/wp-json\/wp\/v2\/posts\/4084\/revisions\/4086"}],"wp:featuredmedia":[{"embeddable":true,"href":"https:\/\/www.nanchital.gob.mx\/wp-nanchital\/wp-json\/wp\/v2\/media\/4082"}],"wp:attachment":[{"href":"https:\/\/www.nanchital.gob.mx\/wp-nanchital\/wp-json\/wp\/v2\/media?parent=4084"}],"wp:term":[{"taxonomy":"category","embeddable":true,"href":"https:\/\/www.nanchital.gob.mx\/wp-nanchital\/wp-json\/wp\/v2\/categories?post=4084"},{"taxonomy":"post_tag","embeddable":true,"href":"https:\/\/www.nanchital.gob.mx\/wp-nanchital\/wp-json\/wp\/v2\/tags?post=4084"}],"curies":[{"name":"wp","href":"https:\/\/api.w.org\/{rel}","templated":true}]}}