{"id":4074,"date":"2018-08-21T08:37:08","date_gmt":"2018-08-21T14:37:08","guid":{"rendered":"http:\/\/www.nanchital.gob.mx\/?p=4074"},"modified":"2018-08-21T08:37:08","modified_gmt":"2018-08-21T14:37:08","slug":"capacitaran-a-comerciantes-y-emprendedores-de-nanchital","status":"publish","type":"post","link":"https:\/\/www.nanchital.gob.mx\/wp-nanchital\/capacitaran-a-comerciantes-y-emprendedores-de-nanchital\/","title":{"rendered":"Capacitar\u00e1n a comerciantes y emprendedores de Nanchital"},"content":{"rendered":"<p>El Ayuntamiento de Nanchital que preside la Dra. Zoila Balderas Guzm\u00e1n, a trav\u00e9s de la Regidur\u00eda Segunda y la Direcci\u00f3n de Comercio, llevar\u00e1n a cabo la presentaci\u00f3n del programa \u201cCrezcamos Juntos Af\u00edliate\u201d del Sistema de Administraci\u00f3n Tributaria.<\/p>\n<p>En esta charla se informar\u00e1 a los asistentes sobre los beneficios de estar inscritos al padr\u00f3n de comercios del municipio, as\u00ed como las oportunidades que brinda el R\u00e9gimen de Incorporaci\u00f3n Fiscal (RIF) como emprendedor o comercio establecido.<\/p>\n<p>La pl\u00e1tica estar\u00e1 a cargo del Mtro. V\u00edctor Antonio Bastida P\u00e9rez, Administrador desconcentrado de servicios al contribuyente y tambi\u00e9n contar\u00e1 con la participaci\u00f3n de personal del IMSS y del INFONAVIT. \u201cEl objetivo que perseguimos con esta actividad es la de ir capacitando a los comerciantes y emprendedores de Nanchital, con el fin de que cuenten con mejores herramientas para hacer prosperar sus negocios, eso es lo que nuestra alcaldesa la Dra. Zoila Balderas nos ha encomendado\u201d afirm\u00f3 Irais Torres Chang titular de Comercio.<\/p>\n<p>La cita es el mi\u00e9rcoles 22 a las 9 de la ma\u00f1ana en el sal\u00f3n 23 de Casa de Cultura Nanchital y la entrada es libre.<\/p>\n<p><img fetchpriority=\"high\" decoding=\"async\" class=\" wp-image-4073 aligncenter\" src=\"http:\/\/www.nanchital.gob.mx\/wp-content\/uploads\/39685696_2131224530425607_4144273407732613120_n-300x300.jpg\" alt=\"\" width=\"444\" height=\"444\" srcset=\"https:\/\/www.nanchital.gob.mx\/wp-nanchital\/wp-content\/uploads\/39685696_2131224530425607_4144273407732613120_n-300x300.jpg 300w, https:\/\/www.nanchital.gob.mx\/wp-nanchital\/wp-content\/uploads\/39685696_2131224530425607_4144273407732613120_n-150x150.jpg 150w, https:\/\/www.nanchital.gob.mx\/wp-nanchital\/wp-content\/uploads\/39685696_2131224530425607_4144273407732613120_n-768x768.jpg 768w, https:\/\/www.nanchital.gob.mx\/wp-nanchital\/wp-content\/uploads\/39685696_2131224530425607_4144273407732613120_n.jpg 1024w\" sizes=\"(max-width: 444px) 100vw, 444px\" \/><\/p>\n","protected":false},"excerpt":{"rendered":"<p>El Ayuntamiento de Nanchital que preside la Dra. Zoila Balderas Guzm\u00e1n, a trav\u00e9s de la Regidur\u00eda Segunda y la Direcci\u00f3n de Comercio, llevar\u00e1n a cabo la presentaci\u00f3n del programa \u201cCrezcamos Juntos Af\u00edliate\u201d del Sistema de Administraci\u00f3n Tributaria. En esta charla se informar\u00e1 a los asistentes sobre los beneficios de estar inscritos al padr\u00f3n de comercios&hellip; <br \/> <a class=\"read-more\" href=\"https:\/\/www.nanchital.gob.mx\/wp-nanchital\/capacitaran-a-comerciantes-y-emprendedores-de-nanchital\/\">Leer m\u00e1s<\/a><\/p>\n","protected":false},"author":7,"featured_media":4072,"comment_status":"closed","ping_status":"closed","sticky":false,"template":"","format":"standard","meta":{"footnotes":""},"categories":[4],"tags":[],"class_list":["post-4074","post","type-post","status-publish","format-standard","has-post-thumbnail","hentry","category-noticias"],"_links":{"self":[{"href":"https:\/\/www.nanchital.gob.mx\/wp-nanchital\/wp-json\/wp\/v2\/posts\/4074","targetHints":{"allow":["GET"]}}],"collection":[{"href":"https:\/\/www.nanchital.gob.mx\/wp-nanchital\/wp-json\/wp\/v2\/posts"}],"about":[{"href":"https:\/\/www.nanchital.gob.mx\/wp-nanchital\/wp-json\/wp\/v2\/types\/post"}],"author":[{"embeddable":true,"href":"https:\/\/www.nanchital.gob.mx\/wp-nanchital\/wp-json\/wp\/v2\/users\/7"}],"replies":[{"embeddable":true,"href":"https:\/\/www.nanchital.gob.mx\/wp-nanchital\/wp-json\/wp\/v2\/comments?post=4074"}],"version-history":[{"count":1,"href":"https:\/\/www.nanchital.gob.mx\/wp-nanchital\/wp-json\/wp\/v2\/posts\/4074\/revisions"}],"predecessor-version":[{"id":4076,"href":"https:\/\/www.nanchital.gob.mx\/wp-nanchital\/wp-json\/wp\/v2\/posts\/4074\/revisions\/4076"}],"wp:featuredmedia":[{"embeddable":true,"href":"https:\/\/www.nanchital.gob.mx\/wp-nanchital\/wp-json\/wp\/v2\/media\/4072"}],"wp:attachment":[{"href":"https:\/\/www.nanchital.gob.mx\/wp-nanchital\/wp-json\/wp\/v2\/media?parent=4074"}],"wp:term":[{"taxonomy":"category","embeddable":true,"href":"https:\/\/www.nanchital.gob.mx\/wp-nanchital\/wp-json\/wp\/v2\/categories?post=4074"},{"taxonomy":"post_tag","embeddable":true,"href":"https:\/\/www.nanchital.gob.mx\/wp-nanchital\/wp-json\/wp\/v2\/tags?post=4074"}],"curies":[{"name":"wp","href":"https:\/\/api.w.org\/{rel}","templated":true}]}}