{"id":4069,"date":"2018-08-20T11:54:49","date_gmt":"2018-08-20T17:54:49","guid":{"rendered":"http:\/\/www.nanchital.gob.mx\/?p=4069"},"modified":"2018-08-20T11:54:49","modified_gmt":"2018-08-20T17:54:49","slug":"arranca-la-segunda-jornada-nacional-de-lucha-contra-el-dengue","status":"publish","type":"post","link":"https:\/\/www.nanchital.gob.mx\/wp-nanchital\/arranca-la-segunda-jornada-nacional-de-lucha-contra-el-dengue\/","title":{"rendered":"Arranca la Segunda Jornada Nacional de lucha contra el Dengue"},"content":{"rendered":"<p>Por mi salud y mi escuela, es el t\u00edtulo de la Segunda Jornada Nacional de lucha contra el Dengue, Zika y Chikungunya que comenz\u00f3 actividades con la presencia de autoridades de la Jurisdicci\u00f3n Sanitaria No. 11 y del Ayuntamiento de Nanchital, iniciando las acciones en la Primaria Carolina Carre\u00f3n Sosa.<\/p>\n<p>Con el trabajo coordinado entre la Secretar\u00eda de Salud del Estado de Veracruz y el Gobierno Municipal de Nanchital, se tiene el objetivo de combatir los criaderos del mosquito transmisor de estas enfermedades, con medidas precautorias, adem\u00e1s de la fumigaci\u00f3n en las colonias e instituciones educativas para eliminar al mosco adulto.<\/p>\n<p>\u201cEs importante la colaboraci\u00f3n de los directivos, maestros y padres de familia para mantener los patios limpios, el mosquito se incuba en agua limpia que queda estancada en llantas, botes, cubetas y cualquier objeto que pueda contener agua, estaremos trabajando con el grupo de vectores y la direcci\u00f3n de salud municipal para continuar con los larvatones, pero necesitamos que la ciudadan\u00eda nos apoye en el combate al dengue, sika y chikungunya\u201d afirm\u00f3 la Dra. Erika P\u00e9rez Salinas, Directora del Centro de salud de Nanchital.<\/p>\n<p><img fetchpriority=\"high\" decoding=\"async\" class=\" wp-image-4068 aligncenter\" src=\"http:\/\/www.nanchital.gob.mx\/wp-content\/uploads\/39743697_1994973874134964_5065971439539060736_n-300x178.jpg\" alt=\"\" width=\"483\" height=\"287\" srcset=\"https:\/\/www.nanchital.gob.mx\/wp-nanchital\/wp-content\/uploads\/39743697_1994973874134964_5065971439539060736_n-300x178.jpg 300w, https:\/\/www.nanchital.gob.mx\/wp-nanchital\/wp-content\/uploads\/39743697_1994973874134964_5065971439539060736_n-768x457.jpg 768w, https:\/\/www.nanchital.gob.mx\/wp-nanchital\/wp-content\/uploads\/39743697_1994973874134964_5065971439539060736_n.jpg 1024w\" sizes=\"(max-width: 483px) 100vw, 483px\" \/><\/p>\n","protected":false},"excerpt":{"rendered":"<p>Por mi salud y mi escuela, es el t\u00edtulo de la Segunda Jornada Nacional de lucha contra el Dengue, Zika y Chikungunya que comenz\u00f3 actividades con la presencia de autoridades de la Jurisdicci\u00f3n Sanitaria No. 11 y del Ayuntamiento de Nanchital, iniciando las acciones en la Primaria Carolina Carre\u00f3n Sosa. Con el trabajo coordinado entre&hellip; <br \/> <a class=\"read-more\" href=\"https:\/\/www.nanchital.gob.mx\/wp-nanchital\/arranca-la-segunda-jornada-nacional-de-lucha-contra-el-dengue\/\">Leer m\u00e1s<\/a><\/p>\n","protected":false},"author":7,"featured_media":4067,"comment_status":"closed","ping_status":"closed","sticky":false,"template":"","format":"standard","meta":{"footnotes":""},"categories":[4],"tags":[],"class_list":["post-4069","post","type-post","status-publish","format-standard","has-post-thumbnail","hentry","category-noticias"],"_links":{"self":[{"href":"https:\/\/www.nanchital.gob.mx\/wp-nanchital\/wp-json\/wp\/v2\/posts\/4069","targetHints":{"allow":["GET"]}}],"collection":[{"href":"https:\/\/www.nanchital.gob.mx\/wp-nanchital\/wp-json\/wp\/v2\/posts"}],"about":[{"href":"https:\/\/www.nanchital.gob.mx\/wp-nanchital\/wp-json\/wp\/v2\/types\/post"}],"author":[{"embeddable":true,"href":"https:\/\/www.nanchital.gob.mx\/wp-nanchital\/wp-json\/wp\/v2\/users\/7"}],"replies":[{"embeddable":true,"href":"https:\/\/www.nanchital.gob.mx\/wp-nanchital\/wp-json\/wp\/v2\/comments?post=4069"}],"version-history":[{"count":1,"href":"https:\/\/www.nanchital.gob.mx\/wp-nanchital\/wp-json\/wp\/v2\/posts\/4069\/revisions"}],"predecessor-version":[{"id":4071,"href":"https:\/\/www.nanchital.gob.mx\/wp-nanchital\/wp-json\/wp\/v2\/posts\/4069\/revisions\/4071"}],"wp:featuredmedia":[{"embeddable":true,"href":"https:\/\/www.nanchital.gob.mx\/wp-nanchital\/wp-json\/wp\/v2\/media\/4067"}],"wp:attachment":[{"href":"https:\/\/www.nanchital.gob.mx\/wp-nanchital\/wp-json\/wp\/v2\/media?parent=4069"}],"wp:term":[{"taxonomy":"category","embeddable":true,"href":"https:\/\/www.nanchital.gob.mx\/wp-nanchital\/wp-json\/wp\/v2\/categories?post=4069"},{"taxonomy":"post_tag","embeddable":true,"href":"https:\/\/www.nanchital.gob.mx\/wp-nanchital\/wp-json\/wp\/v2\/tags?post=4069"}],"curies":[{"name":"wp","href":"https:\/\/api.w.org\/{rel}","templated":true}]}}